{"id":3405,"date":"2021-02-26T17:22:40","date_gmt":"2021-02-26T16:22:40","guid":{"rendered":"https:\/\/www.mclouis.com\/blog\/la-quinzaine-nationale-du-camping-car-2\/"},"modified":"2024-10-31T10:52:17","modified_gmt":"2024-10-31T09:52:17","slug":"la-quinzaine-nationale-du-camping-car-2","status":"publish","type":"post","link":"https:\/\/www.mclouis.com\/fr\/la-quinzaine-nationale-du-camping-car-2\/","title":{"rendered":"La Quinzaine nationale du camping-car"},"content":{"rendered":"<h4>Du\u00a013 au 27 mars chez votre concessionnaire.<\/h4>\n<p>&nbsp;<\/p>\n<p>La Quinzaine du Camping-car se d\u00e9roulant <strong>du 13 au\u00a027 mars 2021<\/strong> chez les concessionnaires de camping-cars et vans partecipants. Durant les quinze jours, vous pourrez b\u00e9n\u00e9ficier des <strong>offres promotionnelles exclusives sur les camping-cars<\/strong> qui vous attendent dans les concessions de votre r\u00e9gion.<\/p>\n<p>Cet \u00e9v\u00e9nement se tiendra dans toute la France et est organis\u00e9 conjointement par le syndicat des constructeurs de camping-cars (UNI VDL) et la chambre des distributeurs (DICA).<\/p>\n<p><strong>McLOUIS\u00a0<\/strong> participe \u00e0 la Quinzaine du Camping-car avec son r\u00e9seau de concessionnaires adh\u00e9rents .<\/p>\n<p>C\u2019est une opportunit\u00e9 id\u00e9ale de vous rendre chez votre distributeur afin de d\u00e9couvrir les <strong>derni\u00e8res nouveaut\u00e9s<\/strong>. Prenez vite RENDEZ-VOUS chez votre concessionnaire, il vous recevra dans les meilleurs conditions de convivialit\u00e9 et de s\u00e9curit\u00e9 sanitaire et vous conseillera pour vous aider \u00e0 faire le meilleur choix !<\/p>\n<p>Retrouvez toutes les informations de la quinzaine du camping-car sur <a href=\"https:\/\/www.quinzainecampingcar.com\/\" target=\"_blank\" rel=\"noopener\">son site Internet<\/a>.<\/p>\n<p>&nbsp;<\/p>\n","protected":false},"excerpt":{"rendered":"<p>Du\u00a013 au 27 mars chez votre concessionnaire. &nbsp; La Quinzaine du Camping-car se d\u00e9roulant du 13 au\u00a027 mars 2021 chez les concessionnaires de camping-cars et vans partecipants. Durant les quinze jours, vous pourrez b\u00e9n\u00e9ficier des offres promotionnelles exclusives sur les camping-cars qui vous attendent dans les concessions de votre r\u00e9gion. Cet \u00e9v\u00e9nement se tiendra dans &hellip; <a href=\"https:\/\/www.mclouis.com\/fr\/la-quinzaine-nationale-du-camping-car-2\/\">Continued<\/a><\/p>\n","protected":false},"author":1,"featured_media":5882,"comment_status":"open","ping_status":"open","sticky":false,"template":"","format":"standard","meta":{"_acf_changed":false,"inline_featured_image":false,"footnotes":""},"tags":[226],"class_list":["post-3405","post","type-post","status-publish","format-standard","has-post-thumbnail","hentry","tag-quinzaine"],"acf":[],"yoast_head":"<!-- This site is optimized with the Yoast SEO plugin v27.2 - https:\/\/yoast.com\/product\/yoast-seo-wordpress\/ -->\n<title>La Quinzaine nationale du camping-car - McLouis GLOBAL<\/title>\n<meta name=\"robots\" content=\"index, follow, max-snippet:-1, max-image-preview:large, max-video-preview:-1\" \/>\n<link rel=\"canonical\" href=\"https:\/\/www.mclouis.com\/fr\/la-quinzaine-nationale-du-camping-car-2\/\" \/>\n<meta property=\"og:locale\" content=\"fr_FR\" \/>\n<meta property=\"og:type\" content=\"article\" \/>\n<meta property=\"og:title\" content=\"La Quinzaine nationale du camping-car - McLouis GLOBAL\" \/>\n<meta property=\"og:description\" content=\"Du\u00a013 au 27 mars chez votre concessionnaire. &nbsp; La Quinzaine du Camping-car se d\u00e9roulant du 13 au\u00a027 mars 2021 chez les concessionnaires de camping-cars et vans partecipants. Durant les quinze jours, vous pourrez b\u00e9n\u00e9ficier des offres promotionnelles exclusives sur les camping-cars qui vous attendent dans les concessions de votre r\u00e9gion. Cet \u00e9v\u00e9nement se tiendra dans &hellip; Continued\" \/>\n<meta property=\"og:url\" content=\"https:\/\/www.mclouis.com\/fr\/la-quinzaine-nationale-du-camping-car-2\/\" \/>\n<meta property=\"og:site_name\" content=\"McLouis GLOBAL\" \/>\n<meta property=\"article:published_time\" content=\"2021-02-26T16:22:40+00:00\" \/>\n<meta property=\"article:modified_time\" content=\"2024-10-31T09:52:17+00:00\" \/>\n<meta property=\"og:image\" content=\"https:\/\/www.mclouis.com\/wp-content\/uploads\/2024\/05\/Quinzaine-du-camping-car-13-27-mars_c1800x900.png\" \/>\n\t<meta property=\"og:image:width\" content=\"1800\" \/>\n\t<meta property=\"og:image:height\" content=\"900\" \/>\n\t<meta property=\"og:image:type\" content=\"image\/png\" \/>\n<meta name=\"author\" content=\"admin@24\" \/>\n<meta name=\"twitter:card\" content=\"summary_large_image\" \/>\n<meta name=\"twitter:label1\" content=\"\u00c9crit par\" \/>\n\t<meta name=\"twitter:data1\" content=\"admin@24\" \/>\n\t<meta name=\"twitter:label2\" content=\"Dur\u00e9e de lecture estim\u00e9e\" \/>\n\t<meta name=\"twitter:data2\" content=\"1 minute\" \/>\n<script type=\"application\/ld+json\" class=\"yoast-schema-graph\">{\"@context\":\"https:\/\/schema.org\",\"@graph\":[{\"@type\":\"Article\",\"@id\":\"https:\/\/www.mclouis.com\/fr\/la-quinzaine-nationale-du-camping-car-2\/#article\",\"isPartOf\":{\"@id\":\"https:\/\/www.mclouis.com\/fr\/la-quinzaine-nationale-du-camping-car-2\/\"},\"author\":{\"name\":\"admin@24\",\"@id\":\"https:\/\/www.mclouis.com\/fr\/#\/schema\/person\/7d34afacc6757eea5ee21cdeceecf1ce\"},\"headline\":\"La Quinzaine nationale du camping-car\",\"datePublished\":\"2021-02-26T16:22:40+00:00\",\"dateModified\":\"2024-10-31T09:52:17+00:00\",\"mainEntityOfPage\":{\"@id\":\"https:\/\/www.mclouis.com\/fr\/la-quinzaine-nationale-du-camping-car-2\/\"},\"wordCount\":163,\"commentCount\":0,\"image\":{\"@id\":\"https:\/\/www.mclouis.com\/fr\/la-quinzaine-nationale-du-camping-car-2\/#primaryimage\"},\"thumbnailUrl\":\"https:\/\/www.mclouis.com\/wp-content\/uploads\/2024\/05\/Quinzaine-du-camping-car-13-27-mars_c1800x900.png\",\"keywords\":[\"quinzaine\"],\"inLanguage\":\"fr-FR\",\"potentialAction\":[{\"@type\":\"CommentAction\",\"name\":\"Comment\",\"target\":[\"https:\/\/www.mclouis.com\/fr\/la-quinzaine-nationale-du-camping-car-2\/#respond\"]}]},{\"@type\":\"WebPage\",\"@id\":\"https:\/\/www.mclouis.com\/fr\/la-quinzaine-nationale-du-camping-car-2\/\",\"url\":\"https:\/\/www.mclouis.com\/fr\/la-quinzaine-nationale-du-camping-car-2\/\",\"name\":\"La Quinzaine nationale du camping-car - McLouis GLOBAL\",\"isPartOf\":{\"@id\":\"https:\/\/www.mclouis.com\/fr\/#website\"},\"primaryImageOfPage\":{\"@id\":\"https:\/\/www.mclouis.com\/fr\/la-quinzaine-nationale-du-camping-car-2\/#primaryimage\"},\"image\":{\"@id\":\"https:\/\/www.mclouis.com\/fr\/la-quinzaine-nationale-du-camping-car-2\/#primaryimage\"},\"thumbnailUrl\":\"https:\/\/www.mclouis.com\/wp-content\/uploads\/2024\/05\/Quinzaine-du-camping-car-13-27-mars_c1800x900.png\",\"datePublished\":\"2021-02-26T16:22:40+00:00\",\"dateModified\":\"2024-10-31T09:52:17+00:00\",\"author\":{\"@id\":\"https:\/\/www.mclouis.com\/fr\/#\/schema\/person\/7d34afacc6757eea5ee21cdeceecf1ce\"},\"breadcrumb\":{\"@id\":\"https:\/\/www.mclouis.com\/fr\/la-quinzaine-nationale-du-camping-car-2\/#breadcrumb\"},\"inLanguage\":\"fr-FR\",\"potentialAction\":[{\"@type\":\"ReadAction\",\"target\":[\"https:\/\/www.mclouis.com\/fr\/la-quinzaine-nationale-du-camping-car-2\/\"]}]},{\"@type\":\"ImageObject\",\"inLanguage\":\"fr-FR\",\"@id\":\"https:\/\/www.mclouis.com\/fr\/la-quinzaine-nationale-du-camping-car-2\/#primaryimage\",\"url\":\"https:\/\/www.mclouis.com\/wp-content\/uploads\/2024\/05\/Quinzaine-du-camping-car-13-27-mars_c1800x900.png\",\"contentUrl\":\"https:\/\/www.mclouis.com\/wp-content\/uploads\/2024\/05\/Quinzaine-du-camping-car-13-27-mars_c1800x900.png\",\"width\":1800,\"height\":900},{\"@type\":\"BreadcrumbList\",\"@id\":\"https:\/\/www.mclouis.com\/fr\/la-quinzaine-nationale-du-camping-car-2\/#breadcrumb\",\"itemListElement\":[{\"@type\":\"ListItem\",\"position\":1,\"name\":\"Home\",\"item\":\"https:\/\/www.mclouis.com\/fr\/\"},{\"@type\":\"ListItem\",\"position\":2,\"name\":\"La Quinzaine nationale du camping-car\"}]},{\"@type\":\"WebSite\",\"@id\":\"https:\/\/www.mclouis.com\/fr\/#website\",\"url\":\"https:\/\/www.mclouis.com\/fr\/\",\"name\":\"McLouis GLOBAL\",\"description\":\"\",\"potentialAction\":[{\"@type\":\"SearchAction\",\"target\":{\"@type\":\"EntryPoint\",\"urlTemplate\":\"https:\/\/www.mclouis.com\/fr\/?s={search_term_string}\"},\"query-input\":{\"@type\":\"PropertyValueSpecification\",\"valueRequired\":true,\"valueName\":\"search_term_string\"}}],\"inLanguage\":\"fr-FR\"},{\"@type\":\"Person\",\"@id\":\"https:\/\/www.mclouis.com\/fr\/#\/schema\/person\/7d34afacc6757eea5ee21cdeceecf1ce\",\"name\":\"admin@24\",\"image\":{\"@type\":\"ImageObject\",\"inLanguage\":\"fr-FR\",\"@id\":\"https:\/\/secure.gravatar.com\/avatar\/09d99c968f27c9aa44cd11a7d098b225a60cece872b0be711ffebb1014b531cf?s=96&d=mm&r=g\",\"url\":\"https:\/\/secure.gravatar.com\/avatar\/09d99c968f27c9aa44cd11a7d098b225a60cece872b0be711ffebb1014b531cf?s=96&d=mm&r=g\",\"contentUrl\":\"https:\/\/secure.gravatar.com\/avatar\/09d99c968f27c9aa44cd11a7d098b225a60cece872b0be711ffebb1014b531cf?s=96&d=mm&r=g\",\"caption\":\"admin@24\"},\"sameAs\":[\"https:\/\/www.mclouis.com\"],\"url\":\"https:\/\/www.mclouis.com\/fr\/author\/admin24\/\"}]}<\/script>\n<!-- \/ Yoast SEO plugin. -->","yoast_head_json":{"title":"La Quinzaine nationale du camping-car - McLouis GLOBAL","robots":{"index":"index","follow":"follow","max-snippet":"max-snippet:-1","max-image-preview":"max-image-preview:large","max-video-preview":"max-video-preview:-1"},"canonical":"https:\/\/www.mclouis.com\/fr\/la-quinzaine-nationale-du-camping-car-2\/","og_locale":"fr_FR","og_type":"article","og_title":"La Quinzaine nationale du camping-car - McLouis GLOBAL","og_description":"Du\u00a013 au 27 mars chez votre concessionnaire. &nbsp; La Quinzaine du Camping-car se d\u00e9roulant du 13 au\u00a027 mars 2021 chez les concessionnaires de camping-cars et vans partecipants. Durant les quinze jours, vous pourrez b\u00e9n\u00e9ficier des offres promotionnelles exclusives sur les camping-cars qui vous attendent dans les concessions de votre r\u00e9gion. Cet \u00e9v\u00e9nement se tiendra dans &hellip; Continued","og_url":"https:\/\/www.mclouis.com\/fr\/la-quinzaine-nationale-du-camping-car-2\/","og_site_name":"McLouis GLOBAL","article_published_time":"2021-02-26T16:22:40+00:00","article_modified_time":"2024-10-31T09:52:17+00:00","og_image":[{"width":1800,"height":900,"url":"https:\/\/www.mclouis.com\/wp-content\/uploads\/2024\/05\/Quinzaine-du-camping-car-13-27-mars_c1800x900.png","type":"image\/png"}],"author":"admin@24","twitter_card":"summary_large_image","twitter_misc":{"\u00c9crit par":"admin@24","Dur\u00e9e de lecture estim\u00e9e":"1 minute"},"schema":{"@context":"https:\/\/schema.org","@graph":[{"@type":"Article","@id":"https:\/\/www.mclouis.com\/fr\/la-quinzaine-nationale-du-camping-car-2\/#article","isPartOf":{"@id":"https:\/\/www.mclouis.com\/fr\/la-quinzaine-nationale-du-camping-car-2\/"},"author":{"name":"admin@24","@id":"https:\/\/www.mclouis.com\/fr\/#\/schema\/person\/7d34afacc6757eea5ee21cdeceecf1ce"},"headline":"La Quinzaine nationale du camping-car","datePublished":"2021-02-26T16:22:40+00:00","dateModified":"2024-10-31T09:52:17+00:00","mainEntityOfPage":{"@id":"https:\/\/www.mclouis.com\/fr\/la-quinzaine-nationale-du-camping-car-2\/"},"wordCount":163,"commentCount":0,"image":{"@id":"https:\/\/www.mclouis.com\/fr\/la-quinzaine-nationale-du-camping-car-2\/#primaryimage"},"thumbnailUrl":"https:\/\/www.mclouis.com\/wp-content\/uploads\/2024\/05\/Quinzaine-du-camping-car-13-27-mars_c1800x900.png","keywords":["quinzaine"],"inLanguage":"fr-FR","potentialAction":[{"@type":"CommentAction","name":"Comment","target":["https:\/\/www.mclouis.com\/fr\/la-quinzaine-nationale-du-camping-car-2\/#respond"]}]},{"@type":"WebPage","@id":"https:\/\/www.mclouis.com\/fr\/la-quinzaine-nationale-du-camping-car-2\/","url":"https:\/\/www.mclouis.com\/fr\/la-quinzaine-nationale-du-camping-car-2\/","name":"La Quinzaine nationale du camping-car - McLouis GLOBAL","isPartOf":{"@id":"https:\/\/www.mclouis.com\/fr\/#website"},"primaryImageOfPage":{"@id":"https:\/\/www.mclouis.com\/fr\/la-quinzaine-nationale-du-camping-car-2\/#primaryimage"},"image":{"@id":"https:\/\/www.mclouis.com\/fr\/la-quinzaine-nationale-du-camping-car-2\/#primaryimage"},"thumbnailUrl":"https:\/\/www.mclouis.com\/wp-content\/uploads\/2024\/05\/Quinzaine-du-camping-car-13-27-mars_c1800x900.png","datePublished":"2021-02-26T16:22:40+00:00","dateModified":"2024-10-31T09:52:17+00:00","author":{"@id":"https:\/\/www.mclouis.com\/fr\/#\/schema\/person\/7d34afacc6757eea5ee21cdeceecf1ce"},"breadcrumb":{"@id":"https:\/\/www.mclouis.com\/fr\/la-quinzaine-nationale-du-camping-car-2\/#breadcrumb"},"inLanguage":"fr-FR","potentialAction":[{"@type":"ReadAction","target":["https:\/\/www.mclouis.com\/fr\/la-quinzaine-nationale-du-camping-car-2\/"]}]},{"@type":"ImageObject","inLanguage":"fr-FR","@id":"https:\/\/www.mclouis.com\/fr\/la-quinzaine-nationale-du-camping-car-2\/#primaryimage","url":"https:\/\/www.mclouis.com\/wp-content\/uploads\/2024\/05\/Quinzaine-du-camping-car-13-27-mars_c1800x900.png","contentUrl":"https:\/\/www.mclouis.com\/wp-content\/uploads\/2024\/05\/Quinzaine-du-camping-car-13-27-mars_c1800x900.png","width":1800,"height":900},{"@type":"BreadcrumbList","@id":"https:\/\/www.mclouis.com\/fr\/la-quinzaine-nationale-du-camping-car-2\/#breadcrumb","itemListElement":[{"@type":"ListItem","position":1,"name":"Home","item":"https:\/\/www.mclouis.com\/fr\/"},{"@type":"ListItem","position":2,"name":"La Quinzaine nationale du camping-car"}]},{"@type":"WebSite","@id":"https:\/\/www.mclouis.com\/fr\/#website","url":"https:\/\/www.mclouis.com\/fr\/","name":"McLouis GLOBAL","description":"","potentialAction":[{"@type":"SearchAction","target":{"@type":"EntryPoint","urlTemplate":"https:\/\/www.mclouis.com\/fr\/?s={search_term_string}"},"query-input":{"@type":"PropertyValueSpecification","valueRequired":true,"valueName":"search_term_string"}}],"inLanguage":"fr-FR"},{"@type":"Person","@id":"https:\/\/www.mclouis.com\/fr\/#\/schema\/person\/7d34afacc6757eea5ee21cdeceecf1ce","name":"admin@24","image":{"@type":"ImageObject","inLanguage":"fr-FR","@id":"https:\/\/secure.gravatar.com\/avatar\/09d99c968f27c9aa44cd11a7d098b225a60cece872b0be711ffebb1014b531cf?s=96&d=mm&r=g","url":"https:\/\/secure.gravatar.com\/avatar\/09d99c968f27c9aa44cd11a7d098b225a60cece872b0be711ffebb1014b531cf?s=96&d=mm&r=g","contentUrl":"https:\/\/secure.gravatar.com\/avatar\/09d99c968f27c9aa44cd11a7d098b225a60cece872b0be711ffebb1014b531cf?s=96&d=mm&r=g","caption":"admin@24"},"sameAs":["https:\/\/www.mclouis.com"],"url":"https:\/\/www.mclouis.com\/fr\/author\/admin24\/"}]}},"_links":{"self":[{"href":"https:\/\/www.mclouis.com\/fr\/wp-json\/wp\/v2\/posts\/3405","targetHints":{"allow":["GET"]}}],"collection":[{"href":"https:\/\/www.mclouis.com\/fr\/wp-json\/wp\/v2\/posts"}],"about":[{"href":"https:\/\/www.mclouis.com\/fr\/wp-json\/wp\/v2\/types\/post"}],"author":[{"embeddable":true,"href":"https:\/\/www.mclouis.com\/fr\/wp-json\/wp\/v2\/users\/1"}],"replies":[{"embeddable":true,"href":"https:\/\/www.mclouis.com\/fr\/wp-json\/wp\/v2\/comments?post=3405"}],"version-history":[{"count":1,"href":"https:\/\/www.mclouis.com\/fr\/wp-json\/wp\/v2\/posts\/3405\/revisions"}],"predecessor-version":[{"id":5886,"href":"https:\/\/www.mclouis.com\/fr\/wp-json\/wp\/v2\/posts\/3405\/revisions\/5886"}],"wp:featuredmedia":[{"embeddable":true,"href":"https:\/\/www.mclouis.com\/fr\/wp-json\/wp\/v2\/media\/5882"}],"wp:attachment":[{"href":"https:\/\/www.mclouis.com\/fr\/wp-json\/wp\/v2\/media?parent=3405"}],"wp:term":[{"taxonomy":"post_tag","embeddable":true,"href":"https:\/\/www.mclouis.com\/fr\/wp-json\/wp\/v2\/tags?post=3405"}],"curies":[{"name":"wp","href":"https:\/\/api.w.org\/{rel}","templated":true}]}}