{"id":4356,"date":"2024-07-30T08:49:52","date_gmt":"2024-07-30T06:49:52","guid":{"rendered":"https:\/\/www.mclouis.com\/francia\/?p=4356"},"modified":"2024-07-30T08:49:52","modified_gmt":"2024-07-30T06:49:52","slug":"salons-dete-et-portes-ouvertes-des-concessionnaires","status":"publish","type":"post","link":"https:\/\/www.mclouis.com\/francia\/2024\/07\/30\/salons-dete-et-portes-ouvertes-des-concessionnaires\/","title":{"rendered":"Salons d\u2019\u00e9t\u00e9 et Portes ouvertes des concessionnaires"},"content":{"rendered":"<p>&nbsp;<\/p>\n<div class=\"table-responsive\"><table class=\"table\" style=\"width: 122.652%\" width=\"1326\">\n<tbody>\n<tr>\n<td style=\"width: 21.2598%\" width=\"262\"><strong>Nom de la concession<\/strong><\/td>\n<td style=\"width: 17.6963%\" width=\"263\"><strong>Type de Manifestation<\/strong><\/td>\n<td style=\"width: 21.5674%\" width=\"236\"><strong>Nom de la Manifestation<\/strong><\/td>\n<td style=\"width: 20.1875%\" width=\"255\"><strong>Lieu de la Manifestation<\/strong><\/td>\n<td style=\"width: 10.2201%\" width=\"157\"><strong>D\u00e9but:<\/strong><\/td>\n<td style=\"width: 7.93428%\" width=\"153\"><strong>Fin:<\/strong><\/td>\n<\/tr>\n<tr>\n<td style=\"width: 21.2598%\" width=\"262\">CARAVANES GIRARDIN<\/td>\n<td style=\"width: 17.6963%\" width=\"263\">Foire<\/td>\n<td style=\"width: 21.5674%\" width=\"236\">FOIRE AUX VINS DE COLMAR<\/td>\n<td style=\"width: 20.1875%\" width=\"255\">COLMAR<\/td>\n<td style=\"width: 10.2201%\" width=\"157\">26\/07\/2024<\/td>\n<td style=\"width: 7.93428%\" width=\"153\">04\/08\/2024<\/td>\n<\/tr>\n<tr>\n<td style=\"width: 21.2598%\" width=\"262\">OLERON CARAVANES &#8211; SAINTES CC<\/td>\n<td style=\"width: 17.6963%\" width=\"263\">Salon<\/td>\n<td style=\"width: 21.5674%\" width=\"236\">SALON ROCHEFORT<\/td>\n<td style=\"width: 20.1875%\" width=\"255\">ROCHEFORT<\/td>\n<td style=\"width: 10.2201%\" width=\"157\">05\/09\/2024<\/td>\n<td style=\"width: 7.93428%\" width=\"153\">08\/09\/2024<\/td>\n<\/tr>\n<tr>\n<td style=\"width: 21.2598%\" width=\"262\">LIBERTIUM PAYS BASQUE<\/td>\n<td style=\"width: 17.6963%\" width=\"263\">Foire<\/td>\n<td style=\"width: 21.5674%\" width=\"236\">FERIA DE BIARRITZ<\/td>\n<td style=\"width: 20.1875%\" width=\"255\">LA HALLE D&rsquo;IRATY<\/td>\n<td style=\"width: 10.2201%\" width=\"157\">05\/09\/2024<\/td>\n<td style=\"width: 7.93428%\" width=\"153\">08\/09\/2024<\/td>\n<\/tr>\n<tr>\n<td style=\"width: 21.2598%\" width=\"262\">LIBERTIUM DAX<\/td>\n<td style=\"width: 17.6963%\" width=\"263\">Foire<\/td>\n<td style=\"width: 21.5674%\" width=\"236\">FERIA DE BIARRITZ<\/td>\n<td style=\"width: 20.1875%\" width=\"255\">LA HALLE D&rsquo;IRATY<\/td>\n<td style=\"width: 10.2201%\" width=\"157\">05\/09\/2024<\/td>\n<td style=\"width: 7.93428%\" width=\"153\">08\/09\/2024<\/td>\n<\/tr>\n<tr>\n<td style=\"width: 21.2598%\" width=\"262\">LIBERTIUM MONTPELLIER<\/td>\n<td style=\"width: 17.6963%\" width=\"263\">Salon<\/td>\n<td style=\"width: 21.5674%\" width=\"236\">SALON DE MONTPELLIER<\/td>\n<td style=\"width: 20.1875%\" width=\"255\">PARC DES EXPO<\/td>\n<td style=\"width: 10.2201%\" width=\"157\">05\/09\/2024<\/td>\n<td style=\"width: 7.93428%\" width=\"153\">08\/09\/2024<\/td>\n<\/tr>\n<tr>\n<td style=\"width: 21.2598%\" width=\"262\">Libertium Ouest<\/td>\n<td style=\"width: 17.6963%\" width=\"263\">Portes Ouvertes<\/td>\n<td style=\"width: 21.5674%\" width=\"236\">JPO Beaulieu<\/td>\n<td style=\"width: 20.1875%\" width=\"255\">Libertium Angers Sud, Beaulieu-sur-Layon<\/td>\n<td style=\"width: 10.2201%\" width=\"157\">05\/09\/2024<\/td>\n<td style=\"width: 7.93428%\" width=\"153\">08\/09\/2024<\/td>\n<\/tr>\n<tr>\n<td style=\"width: 21.2598%\" width=\"262\">Bonjour Caravaning<\/td>\n<td style=\"width: 17.6963%\" width=\"263\">Salon<\/td>\n<td style=\"width: 21.5674%\" width=\"236\">Salon du camping-car, fourgon et van de Brest<\/td>\n<td style=\"width: 20.1875%\" width=\"255\">Parc des expositions de Brest<\/td>\n<td style=\"width: 10.2201%\" width=\"157\">05\/09\/2024<\/td>\n<td style=\"width: 7.93428%\" width=\"153\">08\/09\/2024<\/td>\n<\/tr>\n<tr>\n<td style=\"width: 21.2598%\" width=\"262\">BONJOUR CARAVANING 29<\/td>\n<td style=\"width: 17.6963%\" width=\"263\">Salon<\/td>\n<td style=\"width: 21.5674%\" width=\"236\">Salon de Penfeld<\/td>\n<td style=\"width: 20.1875%\" width=\"255\">Penfeld<\/td>\n<td style=\"width: 10.2201%\" width=\"157\">05\/09\/2024<\/td>\n<td style=\"width: 7.93428%\" width=\"153\">08\/09\/2024<\/td>\n<\/tr>\n<tr>\n<td style=\"width: 21.2598%\" width=\"262\">ETS Jacqueline<\/td>\n<td style=\"width: 17.6963%\" width=\"263\">PO<\/td>\n<td style=\"width: 21.5674%\" width=\"236\">PO<\/td>\n<td style=\"width: 20.1875%\" width=\"255\">Concession<\/td>\n<td style=\"width: 10.2201%\" width=\"157\">05\/09\/2024<\/td>\n<td style=\"width: 7.93428%\" width=\"153\">08\/09\/2024<\/td>\n<\/tr>\n<tr>\n<td style=\"width: 21.2598%\" width=\"262\">PACIFIC LOISIRS<\/td>\n<td style=\"width: 17.6963%\" width=\"263\">Salon<\/td>\n<td style=\"width: 21.5674%\" width=\"236\">festival du camping car<\/td>\n<td style=\"width: 20.1875%\" width=\"255\">carhaix<\/td>\n<td style=\"width: 10.2201%\" width=\"157\">06\/09\/2024<\/td>\n<td style=\"width: 7.93428%\" width=\"153\">09\/09\/2024<\/td>\n<\/tr>\n<tr>\n<td style=\"width: 21.2598%\" width=\"262\">ADS LOISIRS &#8211; LIBERTIUM Rennes<\/td>\n<td style=\"width: 17.6963%\" width=\"263\">Portes Ouvertes<\/td>\n<td style=\"width: 21.5674%\" width=\"236\">PORTES OUVERTES<\/td>\n<td style=\"width: 20.1875%\" width=\"255\">LA MEZIERE<\/td>\n<td style=\"width: 10.2201%\" width=\"157\">07\/09\/2024<\/td>\n<td style=\"width: 7.93428%\" width=\"153\">14\/09\/2024<\/td>\n<\/tr>\n<tr>\n<td style=\"width: 21.2598%\" width=\"262\">Libertium Ouest<\/td>\n<td style=\"width: 17.6963%\" width=\"263\">Foire<\/td>\n<td style=\"width: 21.5674%\" width=\"236\">Foire de St Brieuc<\/td>\n<td style=\"width: 20.1875%\" width=\"255\">Parc Expo de St Brieuc<\/td>\n<td style=\"width: 10.2201%\" width=\"157\">07\/09\/2024<\/td>\n<td style=\"width: 7.93428%\" width=\"153\">15\/09\/2024<\/td>\n<\/tr>\n<tr>\n<td style=\"width: 21.2598%\" width=\"262\">jacqueline plenee jugon<\/td>\n<td style=\"width: 17.6963%\" width=\"263\">Foire<\/td>\n<td style=\"width: 21.5674%\" width=\"236\">Foire expo st brieuc<\/td>\n<td style=\"width: 20.1875%\" width=\"255\">St brieuc<\/td>\n<td style=\"width: 10.2201%\" width=\"157\">07\/09\/2024<\/td>\n<td style=\"width: 7.93428%\" width=\"153\">15\/09\/2024<\/td>\n<\/tr>\n<tr>\n<td style=\"width: 21.2598%\" width=\"262\">ETS Jacqueline<\/td>\n<td style=\"width: 17.6963%\" width=\"263\">Salon<\/td>\n<td style=\"width: 21.5674%\" width=\"236\">Salon du CC \/ Foire de Saint Brieuc<\/td>\n<td style=\"width: 20.1875%\" width=\"255\">Saint Brieuc<\/td>\n<td style=\"width: 10.2201%\" width=\"157\">07\/09\/2024<\/td>\n<td style=\"width: 7.93428%\" width=\"153\">15\/09\/2024<\/td>\n<\/tr>\n<tr>\n<td style=\"width: 21.2598%\" width=\"262\">ARC EN CIEL CAMPING CAR<\/td>\n<td style=\"width: 17.6963%\" width=\"263\">Portes Ouvertes<\/td>\n<td style=\"width: 21.5674%\" width=\"236\">Sp\u00e9cial Fourgons et Vans<\/td>\n<td style=\"width: 20.1875%\" width=\"255\">Concession<\/td>\n<td style=\"width: 10.2201%\" width=\"157\">10\/09\/2024<\/td>\n<td style=\"width: 7.93428%\" width=\"153\">14\/09\/2024<\/td>\n<\/tr>\n<tr>\n<td style=\"width: 21.2598%\" width=\"262\">GRENOBLE CAMPING CAR<\/td>\n<td style=\"width: 17.6963%\" width=\"263\">Salon<\/td>\n<td style=\"width: 21.5674%\" width=\"236\">CHATEAU SASSENAGE<\/td>\n<td style=\"width: 20.1875%\" width=\"255\">CHATEAU SASSENAGE<\/td>\n<td style=\"width: 10.2201%\" width=\"157\">12\/09\/2024<\/td>\n<td style=\"width: 7.93428%\" width=\"153\">15\/09\/2024<\/td>\n<\/tr>\n<tr>\n<td style=\"width: 21.2598%\" width=\"262\">LIBERTIUM MERIGNAC<\/td>\n<td style=\"width: 17.6963%\" width=\"263\">Salon<\/td>\n<td style=\"width: 21.5674%\" width=\"236\">BORD EXPO<\/td>\n<td style=\"width: 20.1875%\" width=\"255\">PARC DES EXPO<\/td>\n<td style=\"width: 10.2201%\" width=\"157\">12\/09\/2024<\/td>\n<td style=\"width: 7.93428%\" width=\"153\">15\/09\/2024<\/td>\n<\/tr>\n<tr>\n<td style=\"width: 21.2598%\" width=\"262\">GRENOBLE CC 38<\/td>\n<td style=\"width: 17.6963%\" width=\"263\">Autre<\/td>\n<td style=\"width: 21.5674%\" width=\"236\">Les 4 jours du Camping-car au Ch\u00e2teau de Sassenage<\/td>\n<td style=\"width: 20.1875%\" width=\"255\">Sassenage (38)<\/td>\n<td style=\"width: 10.2201%\" width=\"157\">12\/09\/2024<\/td>\n<td style=\"width: 7.93428%\" width=\"153\">15\/09\/2024<\/td>\n<\/tr>\n<tr>\n<td style=\"width: 21.2598%\" width=\"262\">LE HALL DU CAMPING CAR &#8211; LIBERTIUM LOIRE<\/td>\n<td style=\"width: 17.6963%\" width=\"263\">Portes Ouvertes<\/td>\n<td style=\"width: 21.5674%\" width=\"236\">PORTES OUVERTES<\/td>\n<td style=\"width: 20.1875%\" width=\"255\">42110 FEURS<\/td>\n<td style=\"width: 10.2201%\" width=\"157\">12\/09\/2024<\/td>\n<td style=\"width: 7.93428%\" width=\"153\">15\/09\/2024<\/td>\n<\/tr>\n<tr>\n<td style=\"width: 21.2598%\" width=\"262\">HORIZON 76<\/td>\n<td style=\"width: 17.6963%\" width=\"263\">Salon<\/td>\n<td style=\"width: 21.5674%\" width=\"236\">Salon Hangar 23<\/td>\n<td style=\"width: 20.1875%\" width=\"255\">Rouen<\/td>\n<td style=\"width: 10.2201%\" width=\"157\">12\/09\/2024<\/td>\n<td style=\"width: 7.93428%\" width=\"153\">15\/09\/2024<\/td>\n<\/tr>\n<tr>\n<td style=\"width: 21.2598%\" width=\"262\">PLEIN AIR<\/td>\n<td style=\"width: 17.6963%\" width=\"263\">Salon<\/td>\n<td style=\"width: 21.5674%\" width=\"236\">Salon Hangar 23<\/td>\n<td style=\"width: 20.1875%\" width=\"255\">Rouen<\/td>\n<td style=\"width: 10.2201%\" width=\"157\">12\/09\/2024<\/td>\n<td style=\"width: 7.93428%\" width=\"153\">15\/09\/2024<\/td>\n<\/tr>\n<tr>\n<td style=\"width: 21.2598%\" width=\"262\">ETS Jacqueline<\/td>\n<td style=\"width: 17.6963%\" width=\"263\">Salon<\/td>\n<td style=\"width: 21.5674%\" width=\"236\">Salon Hangar 23<\/td>\n<td style=\"width: 20.1875%\" width=\"255\">Rouen<\/td>\n<td style=\"width: 10.2201%\" width=\"157\">12\/09\/2024<\/td>\n<td style=\"width: 7.93428%\" width=\"153\">15\/09\/2024<\/td>\n<\/tr>\n<tr>\n<td style=\"width: 21.2598%\" width=\"262\">AZUR 72<\/td>\n<td style=\"width: 17.6963%\" width=\"263\">Foire<\/td>\n<td style=\"width: 21.5674%\" width=\"236\">Les 4 Jours du Mans<\/td>\n<td style=\"width: 20.1875%\" width=\"255\">parc exposition du Mans<\/td>\n<td style=\"width: 10.2201%\" width=\"157\">12\/09\/2024<\/td>\n<td style=\"width: 7.93428%\" width=\"153\">16\/09\/2024<\/td>\n<\/tr>\n<tr>\n<td style=\"width: 21.2598%\" width=\"262\">PACIFIC LOISIRS<\/td>\n<td style=\"width: 17.6963%\" width=\"263\">PO<\/td>\n<td style=\"width: 21.5674%\" width=\"236\">PO<\/td>\n<td style=\"width: 20.1875%\" width=\"255\"><\/td>\n<td style=\"width: 10.2201%\" width=\"157\">13\/09\/2024<\/td>\n<td style=\"width: 7.93428%\" width=\"153\"><\/td>\n<\/tr>\n<tr>\n<td style=\"width: 21.2598%\" width=\"262\">LIBERTIM EST<\/td>\n<td style=\"width: 17.6963%\" width=\"263\">PO<\/td>\n<td style=\"width: 21.5674%\" width=\"236\">PO SEPTEMBRE<\/td>\n<td style=\"width: 20.1875%\" width=\"255\">CONCESSIONS<\/td>\n<td style=\"width: 10.2201%\" width=\"157\">13\/09\/2024<\/td>\n<td style=\"width: 7.93428%\" width=\"153\">15\/09\/2024<\/td>\n<\/tr>\n<tr>\n<td style=\"width: 21.2598%\" width=\"262\">Libertium Belfort<\/td>\n<td style=\"width: 17.6963%\" width=\"263\">Portes Ouvertes<\/td>\n<td style=\"width: 21.5674%\" width=\"236\">Portes ouvertes septembre<\/td>\n<td style=\"width: 20.1875%\" width=\"255\">Libertium Belfort, Rue de Belfort, 90400 Sevenans<\/td>\n<td style=\"width: 10.2201%\" width=\"157\">13\/09\/2024<\/td>\n<td style=\"width: 7.93428%\" width=\"153\">15\/09\/2024<\/td>\n<\/tr>\n<tr>\n<td style=\"width: 21.2598%\" width=\"262\">Libertium Chalon-sur-Sa\u00f4ne<\/td>\n<td style=\"width: 17.6963%\" width=\"263\">Portes Ouvertes<\/td>\n<td style=\"width: 21.5674%\" width=\"236\">Portes ouvertes septembre<\/td>\n<td style=\"width: 20.1875%\" width=\"255\">Libertium Chalon-sur-Sa\u00f4ne, 25 D906, 71100 Lux<\/td>\n<td style=\"width: 10.2201%\" width=\"157\">13\/09\/2024<\/td>\n<td style=\"width: 7.93428%\" width=\"153\">15\/09\/2024<\/td>\n<\/tr>\n<tr>\n<td style=\"width: 21.2598%\" width=\"262\">Libertium Ile-de-France<\/td>\n<td style=\"width: 17.6963%\" width=\"263\">Portes Ouvertes<\/td>\n<td style=\"width: 21.5674%\" width=\"236\">Portes ouvertes septembre<\/td>\n<td style=\"width: 20.1875%\" width=\"255\">Libertium Ile-de-France, 23 Av. Henri Besse, 60290 Cauffry<\/td>\n<td style=\"width: 10.2201%\" width=\"157\">13\/09\/2024<\/td>\n<td style=\"width: 7.93428%\" width=\"153\">15\/09\/2024<\/td>\n<\/tr>\n<tr>\n<td style=\"width: 21.2598%\" width=\"262\">Libertium Vesoul<\/td>\n<td style=\"width: 17.6963%\" width=\"263\">Portes Ouvertes<\/td>\n<td style=\"width: 21.5674%\" width=\"236\">Portes ouvertes septembre<\/td>\n<td style=\"width: 20.1875%\" width=\"255\">Libertium Vesoul, 32 Rue Lucie et Raymond Aubrac, 70000 Vesoul<\/td>\n<td style=\"width: 10.2201%\" width=\"157\">13\/09\/2024<\/td>\n<td style=\"width: 7.93428%\" width=\"153\">15\/09\/2024<\/td>\n<\/tr>\n<tr>\n<td style=\"width: 21.2598%\" width=\"262\">HORIZON 76<\/td>\n<td style=\"width: 17.6963%\" width=\"263\">Foire<\/td>\n<td style=\"width: 21.5674%\" width=\"236\">Foire de Caen<\/td>\n<td style=\"width: 20.1875%\" width=\"255\">Caen<\/td>\n<td style=\"width: 10.2201%\" width=\"157\">20\/09\/2024<\/td>\n<td style=\"width: 7.93428%\" width=\"153\">29\/09\/2024<\/td>\n<\/tr>\n<tr>\n<td style=\"width: 21.2598%\" width=\"262\">PLEIN AIR<\/td>\n<td style=\"width: 17.6963%\" width=\"263\">Foire<\/td>\n<td style=\"width: 21.5674%\" width=\"236\">Foire de Caen<\/td>\n<td style=\"width: 20.1875%\" width=\"255\">Caen<\/td>\n<td style=\"width: 10.2201%\" width=\"157\">20\/09\/2024<\/td>\n<td style=\"width: 7.93428%\" width=\"153\">29\/09\/2024<\/td>\n<\/tr>\n<tr>\n<td style=\"width: 21.2598%\" width=\"262\">ETS Jacqueline<\/td>\n<td style=\"width: 17.6963%\" width=\"263\">Foire<\/td>\n<td style=\"width: 21.5674%\" width=\"236\">Foire de Caen<\/td>\n<td style=\"width: 20.1875%\" width=\"255\">Caen<\/td>\n<td style=\"width: 10.2201%\" width=\"157\">20\/09\/2024<\/td>\n<td style=\"width: 7.93428%\" width=\"153\">29\/09\/2024<\/td>\n<\/tr>\n<tr>\n<td style=\"width: 21.2598%\" width=\"262\">Libertium Ouest<\/td>\n<td style=\"width: 17.6963%\" width=\"263\">Foire<\/td>\n<td style=\"width: 21.5674%\" width=\"236\">Foire de Caen<\/td>\n<td style=\"width: 20.1875%\" width=\"255\">Parc Expo de Caen<\/td>\n<td style=\"width: 10.2201%\" width=\"157\">21\/09\/2024<\/td>\n<td style=\"width: 7.93428%\" width=\"153\">29\/09\/2024<\/td>\n<\/tr>\n<tr>\n<td style=\"width: 21.2598%\" width=\"262\">Libertium Ouest<\/td>\n<td style=\"width: 17.6963%\" width=\"263\">Salon<\/td>\n<td style=\"width: 21.5674%\" width=\"236\">Salon du v\u00e9hicule de loisirs de Villepinte<\/td>\n<td style=\"width: 20.1875%\" width=\"255\">Parc Expo de Villepinte, Paris<\/td>\n<td style=\"width: 10.2201%\" width=\"157\">21\/09\/2024<\/td>\n<td style=\"width: 7.93428%\" width=\"153\">29\/09\/2024<\/td>\n<\/tr>\n<tr>\n<td style=\"width: 21.2598%\" width=\"262\">EVASION CAMPING CARS<\/td>\n<td style=\"width: 17.6963%\" width=\"263\">Portes Ouvertes<\/td>\n<td style=\"width: 21.5674%\" width=\"236\">PORTES OUVERTES<\/td>\n<td style=\"width: 20.1875%\" width=\"255\">CLAYE-SOUILLY<\/td>\n<td style=\"width: 10.2201%\" width=\"157\">30\/09\/2024<\/td>\n<td style=\"width: 7.93428%\" width=\"153\">13\/10\/2024<\/td>\n<\/tr>\n<tr>\n<td style=\"width: 21.2598%\" width=\"262\">HORIZON 76<\/td>\n<td style=\"width: 17.6963%\" width=\"263\">Salon<\/td>\n<td style=\"width: 21.5674%\" width=\"236\">Master Rouen<\/td>\n<td style=\"width: 20.1875%\" width=\"255\">Rouen<\/td>\n<td style=\"width: 10.2201%\" width=\"157\">05\/10\/2024<\/td>\n<td style=\"width: 7.93428%\" width=\"153\">06\/10\/2024<\/td>\n<\/tr>\n<tr>\n<td style=\"width: 21.2598%\" width=\"262\">PLEIN AIR<\/td>\n<td style=\"width: 17.6963%\" width=\"263\">Salon<\/td>\n<td style=\"width: 21.5674%\" width=\"236\">Master Rouen<\/td>\n<td style=\"width: 20.1875%\" width=\"255\">Rouen<\/td>\n<td style=\"width: 10.2201%\" width=\"157\">05\/10\/2024<\/td>\n<td style=\"width: 7.93428%\" width=\"153\">06\/10\/2024<\/td>\n<\/tr>\n<tr>\n<td style=\"width: 21.2598%\" width=\"262\">TPL<\/td>\n<td style=\"width: 17.6963%\" width=\"263\"><\/td>\n<td style=\"width: 21.5674%\" width=\"236\"><\/td>\n<td style=\"width: 20.1875%\" width=\"255\"><\/td>\n<td style=\"width: 10.2201%\" width=\"157\">03\/10\/2024<\/td>\n<td style=\"width: 7.93428%\" width=\"153\">06\/10\/2024<\/td>\n<\/tr>\n<tr>\n<td style=\"width: 21.2598%\" width=\"262\">Libertium Ouest<\/td>\n<td style=\"width: 17.6963%\" width=\"263\">Salon<\/td>\n<td style=\"width: 21.5674%\" width=\"236\">Salon de Nantes (Road Trip)<\/td>\n<td style=\"width: 20.1875%\" width=\"255\">La Beaujoire<\/td>\n<td style=\"width: 10.2201%\" width=\"157\">04\/10\/2024<\/td>\n<td style=\"width: 7.93428%\" width=\"153\">07\/10\/2024<\/td>\n<\/tr>\n<tr>\n<td style=\"width: 21.2598%\" width=\"262\">ADS LOISIRS &#8211; LIBERTIUM Rennes<\/td>\n<td style=\"width: 17.6963%\" width=\"263\">Portes Ouvertes<\/td>\n<td style=\"width: 21.5674%\" width=\"236\">PORTES OUVERTES<\/td>\n<td style=\"width: 20.1875%\" width=\"255\">LA MEZIERE<\/td>\n<td style=\"width: 10.2201%\" width=\"157\">05\/10\/2024<\/td>\n<td style=\"width: 7.93428%\" width=\"153\">12\/10\/2024<\/td>\n<\/tr>\n<tr>\n<td style=\"width: 21.2598%\" width=\"262\">LIBERTIM EST<\/td>\n<td style=\"width: 17.6963%\" width=\"263\">PO<\/td>\n<td style=\"width: 21.5674%\" width=\"236\">PO OCTOBRE<\/td>\n<td style=\"width: 20.1875%\" width=\"255\">CONCESSIONS<\/td>\n<td style=\"width: 10.2201%\" width=\"157\">06\/10\/2024<\/td>\n<td style=\"width: 7.93428%\" width=\"153\">06\/10\/2024<\/td>\n<\/tr>\n<tr>\n<td style=\"width: 21.2598%\" width=\"262\">CHEVALIER LOISIRS<\/td>\n<td style=\"width: 17.6963%\" width=\"263\">PO<\/td>\n<td style=\"width: 21.5674%\" width=\"236\">PO<\/td>\n<td style=\"width: 20.1875%\" width=\"255\">CONCESSION<\/td>\n<td style=\"width: 10.2201%\" width=\"157\">09\/10\/2024<\/td>\n<td style=\"width: 7.93428%\" width=\"153\">13\/10\/2024<\/td>\n<\/tr>\n<tr>\n<td style=\"width: 21.2598%\" width=\"262\">LIBERTIUM ILE DE France<\/td>\n<td style=\"width: 17.6963%\" width=\"263\">PO<\/td>\n<td style=\"width: 21.5674%\" width=\"236\">CC DAYS<\/td>\n<td style=\"width: 20.1875%\" width=\"255\">LIBERTIUM WATELLIER<\/td>\n<td style=\"width: 10.2201%\" width=\"157\">10\/10\/2024<\/td>\n<td style=\"width: 7.93428%\" width=\"153\">13\/10\/2024<\/td>\n<\/tr>\n<tr>\n<td style=\"width: 21.2598%\" width=\"262\">Chevalier Loisirs 61<\/td>\n<td style=\"width: 17.6963%\" width=\"263\">Portes Ouvertes<\/td>\n<td style=\"width: 21.5674%\" width=\"236\">Portes ouvertes<\/td>\n<td style=\"width: 20.1875%\" width=\"255\">Vingt-Hanaps<\/td>\n<td style=\"width: 10.2201%\" width=\"157\">10\/10\/2024<\/td>\n<td style=\"width: 7.93428%\" width=\"153\">13\/10\/2024<\/td>\n<\/tr>\n<tr>\n<td style=\"width: 21.2598%\" width=\"262\">Libertium Belfort<\/td>\n<td style=\"width: 17.6963%\" width=\"263\">Portes Ouvertes<\/td>\n<td style=\"width: 21.5674%\" width=\"236\">Portes ouvertes octobre<\/td>\n<td style=\"width: 20.1875%\" width=\"255\">Libertium Belfort, Rue de Belfort, 90400 Sevenans<\/td>\n<td style=\"width: 10.2201%\" width=\"157\">11\/10\/2024<\/td>\n<td style=\"width: 7.93428%\" width=\"153\">13\/10\/2024<\/td>\n<\/tr>\n<tr>\n<td style=\"width: 21.2598%\" width=\"262\">Libertium Chalon-sur-Sa\u00f4ne<\/td>\n<td style=\"width: 17.6963%\" width=\"263\">Portes Ouvertes<\/td>\n<td style=\"width: 21.5674%\" width=\"236\">Portes ouvertes octobre<\/td>\n<td style=\"width: 20.1875%\" width=\"255\">Libertium Chalon-sur-Sa\u00f4ne, 25 D906, 71100 Lux<\/td>\n<td style=\"width: 10.2201%\" width=\"157\">11\/10\/2024<\/td>\n<td style=\"width: 7.93428%\" width=\"153\">13\/10\/2024<\/td>\n<\/tr>\n<tr>\n<td style=\"width: 21.2598%\" width=\"262\">Libertium Ile-de-France<\/td>\n<td style=\"width: 17.6963%\" width=\"263\">Portes Ouvertes<\/td>\n<td style=\"width: 21.5674%\" width=\"236\">Portes ouvertes octobre<\/td>\n<td style=\"width: 20.1875%\" width=\"255\">Libertium Ile-de-France, 23 Av. Henri Besse, 60290 Cauffry<\/td>\n<td style=\"width: 10.2201%\" width=\"157\">11\/10\/2024<\/td>\n<td style=\"width: 7.93428%\" width=\"153\">13\/10\/2024<\/td>\n<\/tr>\n<tr>\n<td style=\"width: 21.2598%\" width=\"262\">Libertium Vesoul<\/td>\n<td style=\"width: 17.6963%\" width=\"263\">Portes Ouvertes<\/td>\n<td style=\"width: 21.5674%\" width=\"236\">Portes ouvertes octobre<\/td>\n<td style=\"width: 20.1875%\" width=\"255\">Libertium Vesoul, 32 Rue Lucie et Raymond Aubrac, 70000 Vesoul<\/td>\n<td style=\"width: 10.2201%\" width=\"157\">11\/10\/2024<\/td>\n<td style=\"width: 7.93428%\" width=\"153\">13\/10\/2024<\/td>\n<\/tr>\n<tr>\n<td style=\"width: 21.2598%\" width=\"262\">Libertium Ouest<\/td>\n<td style=\"width: 17.6963%\" width=\"263\">Foire<\/td>\n<td style=\"width: 21.5674%\" width=\"236\">Festiland<\/td>\n<td style=\"width: 20.1875%\" width=\"255\">?<\/td>\n<td style=\"width: 10.2201%\" width=\"157\">11\/10\/2024<\/td>\n<td style=\"width: 7.93428%\" width=\"153\">13\/10\/2024<\/td>\n<\/tr>\n<tr>\n<td style=\"width: 21.2598%\" width=\"262\">ALPES EVASION<\/td>\n<td style=\"width: 17.6963%\" width=\"263\">Portes Ouvertes<\/td>\n<td style=\"width: 21.5674%\" width=\"236\">portes ouvretes<\/td>\n<td style=\"width: 20.1875%\" width=\"255\">voglans<\/td>\n<td style=\"width: 10.2201%\" width=\"157\">11\/10\/2024<\/td>\n<td style=\"width: 7.93428%\" width=\"153\">20\/10\/2024<\/td>\n<\/tr>\n<tr>\n<td style=\"width: 21.2598%\" width=\"262\">CAMPING CAR 38<\/td>\n<td style=\"width: 17.6963%\" width=\"263\">Foire<\/td>\n<td style=\"width: 21.5674%\" width=\"236\">FOIRE DE VIENNE<\/td>\n<td style=\"width: 20.1875%\" width=\"255\">VIENNE<\/td>\n<td style=\"width: 10.2201%\" width=\"157\">12\/10\/2024<\/td>\n<td style=\"width: 7.93428%\" width=\"153\">13\/10\/2024<\/td>\n<\/tr>\n<tr>\n<td style=\"width: 21.2598%\" width=\"262\">PACIFIC LOISIRS<\/td>\n<td style=\"width: 17.6963%\" width=\"263\">SALON<\/td>\n<td style=\"width: 21.5674%\" width=\"236\"><\/td>\n<td style=\"width: 20.1875%\" width=\"255\">BREST<\/td>\n<td style=\"width: 10.2201%\" width=\"157\">15\/10\/2024<\/td>\n<td style=\"width: 7.93428%\" width=\"153\"><\/td>\n<\/tr>\n<tr>\n<td style=\"width: 21.2598%\" width=\"262\">Cap Passion 24<\/td>\n<td style=\"width: 17.6963%\" width=\"263\">Salon<\/td>\n<td style=\"width: 21.5674%\" width=\"236\">salon du camping car<\/td>\n<td style=\"width: 20.1875%\" width=\"255\">Marsac sur L&rsquo;Isle P\u00e9rigeux<\/td>\n<td style=\"width: 10.2201%\" width=\"157\">17\/10\/2024<\/td>\n<td style=\"width: 7.93428%\" width=\"153\">20\/10\/2024<\/td>\n<\/tr>\n<tr>\n<td style=\"width: 21.2598%\" width=\"262\">LE HALL DU CAMPING CAR &#8211; LIBERTIUM LOIRE<\/td>\n<td style=\"width: 17.6963%\" width=\"263\">Salon<\/td>\n<td style=\"width: 21.5674%\" width=\"236\">Salon de St Etienne<\/td>\n<td style=\"width: 20.1875%\" width=\"255\">St Etienne<\/td>\n<td style=\"width: 10.2201%\" width=\"157\">24\/10\/2024<\/td>\n<td style=\"width: 7.93428%\" width=\"153\">27\/10\/2024<\/td>\n<\/tr>\n<tr>\n<td style=\"width: 21.2598%\" width=\"262\">Libertium Ouest<\/td>\n<td style=\"width: 17.6963%\" width=\"263\">Salon<\/td>\n<td style=\"width: 21.5674%\" width=\"236\">Salon avec Queven<\/td>\n<td style=\"width: 20.1875%\" width=\"255\">Quimper<\/td>\n<td style=\"width: 10.2201%\" width=\"157\">24\/10\/2024<\/td>\n<td style=\"width: 7.93428%\" width=\"153\">27\/10\/2024<\/td>\n<\/tr>\n<tr>\n<td style=\"width: 21.2598%\" width=\"262\">Libertium Ouest<\/td>\n<td style=\"width: 17.6963%\" width=\"263\">Salon<\/td>\n<td style=\"width: 21.5674%\" width=\"236\">Salon VN<\/td>\n<td style=\"width: 20.1875%\" width=\"255\">Angers<\/td>\n<td style=\"width: 10.2201%\" width=\"157\">24\/10\/2024<\/td>\n<td style=\"width: 7.93428%\" width=\"153\">28\/10\/2024<\/td>\n<\/tr>\n<tr>\n<td style=\"width: 21.2598%\" width=\"262\">OPALE EVASION<\/td>\n<td style=\"width: 17.6963%\" width=\"263\">Salon<\/td>\n<td style=\"width: 21.5674%\" width=\"236\">SALON DE DOUAI GAYANT EXPO<\/td>\n<td style=\"width: 20.1875%\" width=\"255\">DOUAI<\/td>\n<td style=\"width: 10.2201%\" width=\"157\">24\/10\/2024<\/td>\n<td style=\"width: 7.93428%\" width=\"153\">03\/11\/2024<\/td>\n<\/tr>\n<tr>\n<td style=\"width: 21.2598%\" width=\"262\">AZUR 37<\/td>\n<td style=\"width: 17.6963%\" width=\"263\">SALON<\/td>\n<td style=\"width: 21.5674%\" width=\"236\">SALON DU CC<\/td>\n<td style=\"width: 20.1875%\" width=\"255\">TOURS<\/td>\n<td style=\"width: 10.2201%\" width=\"157\">25\/10\/2024<\/td>\n<td style=\"width: 7.93428%\" width=\"153\">28\/10\/2024<\/td>\n<\/tr>\n<tr>\n<td style=\"width: 21.2598%\" width=\"262\">LIBERTIUM NIMES<\/td>\n<td style=\"width: 17.6963%\" width=\"263\">Salon<\/td>\n<td style=\"width: 21.5674%\" width=\"236\">SALON ALES<\/td>\n<td style=\"width: 20.1875%\" width=\"255\">NC<\/td>\n<td style=\"width: 10.2201%\" width=\"157\">31\/10\/2024<\/td>\n<td style=\"width: 7.93428%\" width=\"153\">03\/11\/2024<\/td>\n<\/tr>\n<tr>\n<td style=\"width: 21.2598%\" width=\"262\">ADS LOISIRS &#8211; LIBERTIUM Rennes<\/td>\n<td style=\"width: 17.6963%\" width=\"263\">Salon<\/td>\n<td style=\"width: 21.5674%\" width=\"236\"><\/td>\n<td style=\"width: 20.1875%\" width=\"255\">Rennes<\/td>\n<td style=\"width: 10.2201%\" width=\"157\">07\/11\/2024<\/td>\n<td style=\"width: 7.93428%\" width=\"153\">11\/11\/2024<\/td>\n<\/tr>\n<tr>\n<td style=\"width: 21.2598%\" width=\"262\">Mistral Camping-cars<\/td>\n<td style=\"width: 17.6963%\" width=\"263\">Salon<\/td>\n<td style=\"width: 21.5674%\" width=\"236\">Salon Frejus<\/td>\n<td style=\"width: 20.1875%\" width=\"255\">Frejus<\/td>\n<td style=\"width: 10.2201%\" width=\"157\">08\/11\/2024<\/td>\n<td style=\"width: 7.93428%\" width=\"153\">11\/11\/2024<\/td>\n<\/tr>\n<tr>\n<td style=\"width: 21.2598%\" width=\"262\">Libertium Vesoul<\/td>\n<td style=\"width: 17.6963%\" width=\"263\">Salon<\/td>\n<td style=\"width: 21.5674%\" width=\"236\">Camping-cars Folies<\/td>\n<td style=\"width: 20.1875%\" width=\"255\">Parc des expositions Micropolis Besan\u00e7on<\/td>\n<td style=\"width: 10.2201%\" width=\"157\">14\/11\/2024<\/td>\n<td style=\"width: 7.93428%\" width=\"153\">18\/11\/2024<\/td>\n<\/tr>\n<tr>\n<td style=\"width: 21.2598%\" width=\"262\">DG8CC54<\/td>\n<td style=\"width: 17.6963%\" width=\"263\">Autre<\/td>\n<td style=\"width: 21.5674%\" width=\"236\">Ventes priv\u00e9es<\/td>\n<td style=\"width: 20.1875%\" width=\"255\">Concession DG8 camping car 54<\/td>\n<td style=\"width: 10.2201%\" width=\"157\">15\/11\/2024<\/td>\n<td style=\"width: 7.93428%\" width=\"153\">17\/11\/2024<\/td>\n<\/tr>\n<tr>\n<td style=\"width: 21.2598%\" width=\"262\">LIBERTIUM AVIGNON<\/td>\n<td style=\"width: 17.6963%\" width=\"263\">Salon<\/td>\n<td style=\"width: 21.5674%\" width=\"236\">SALON DE CAVAILLON<\/td>\n<td style=\"width: 20.1875%\" width=\"255\">NC<\/td>\n<td style=\"width: 10.2201%\" width=\"157\">21\/11\/2024<\/td>\n<td style=\"width: 7.93428%\" width=\"153\">24\/11\/2024<\/td>\n<\/tr>\n<tr>\n<td style=\"width: 21.2598%\" width=\"262\">EVASION CARAVANES CAMPING CARS<\/td>\n<td style=\"width: 17.6963%\" width=\"263\">Portes Ouvertes<\/td>\n<td style=\"width: 21.5674%\" width=\"236\">PORTES OUVERTES<\/td>\n<td style=\"width: 20.1875%\" width=\"255\">CLAYE-SOUILLY<\/td>\n<td style=\"width: 10.2201%\" width=\"157\">01\/02\/2025<\/td>\n<td style=\"width: 7.93428%\" width=\"153\">16\/02\/2025<\/td>\n<\/tr>\n<tr>\n<td style=\"width: 21.2598%\" width=\"262\">AZUR 86<\/td>\n<td style=\"width: 17.6963%\" width=\"263\"><\/td>\n<td style=\"width: 21.5674%\" width=\"236\"><\/td>\n<td style=\"width: 20.1875%\" width=\"255\">PARC EXPO POITIERS<\/td>\n<td style=\"width: 10.2201%\" width=\"157\">07\/02\/2025<\/td>\n<td style=\"width: 7.93428%\" width=\"153\">10\/02\/2025<\/td>\n<\/tr>\n<tr>\n<td style=\"width: 21.2598%\" width=\"262\">EVASION CARAVANES CAMPING CARS<\/td>\n<td style=\"width: 17.6963%\" width=\"263\">Portes Ouvertes<\/td>\n<td style=\"width: 21.5674%\" width=\"236\">PORTES OUVERTES<\/td>\n<td style=\"width: 20.1875%\" width=\"255\">CLAYE-SOUILLY<\/td>\n<td style=\"width: 10.2201%\" width=\"157\">29\/03\/2025<\/td>\n<td style=\"width: 7.93428%\" width=\"153\">13\/04\/2025<\/td>\n<\/tr>\n<tr>\n<td style=\"width: 21.2598%\" width=\"262\">Libertium Ouest<\/td>\n<td style=\"width: 17.6963%\" width=\"263\">Foire<\/td>\n<td style=\"width: 21.5674%\" width=\"236\">Foire de Nantes<\/td>\n<td style=\"width: 20.1875%\" width=\"255\">Parc Expo de Nantes<\/td>\n<td style=\"width: 10.2201%\" width=\"157\">03\/04\/2025<\/td>\n<td style=\"width: 7.93428%\" width=\"153\">07\/04\/2025<\/td>\n<\/tr>\n<tr>\n<td style=\"width: 21.2598%\" width=\"262\">Cap Passion 24<\/td>\n<td style=\"width: 17.6963%\" width=\"263\">Salon<\/td>\n<td style=\"width: 21.5674%\" width=\"236\">salon du camping car<\/td>\n<td style=\"width: 20.1875%\" width=\"255\">Marsac sur L&rsquo;Isle P\u00e9rigeux<\/td>\n<td style=\"width: 10.2201%\" width=\"157\">10\/04\/2025<\/td>\n<td style=\"width: 7.93428%\" width=\"153\">13\/04\/2025<\/td>\n<\/tr>\n<tr>\n<td style=\"width: 21.2598%\" width=\"262\">AZUR 37<\/td>\n<td style=\"width: 17.6963%\" width=\"263\">FOIRE<\/td>\n<td style=\"width: 21.5674%\" width=\"236\">FOIRE DE TOURS<\/td>\n<td style=\"width: 20.1875%\" width=\"255\">TOURS<\/td>\n<td style=\"width: 10.2201%\" width=\"157\">01\/05\/2025<\/td>\n<td style=\"width: 7.93428%\" width=\"153\">11\/05\/2025<\/td>\n<\/tr>\n<tr>\n<td style=\"width: 21.2598%\" width=\"262\">EVASION CARAVANES CAMPING CARS<\/td>\n<td style=\"width: 17.6963%\" width=\"263\">Portes Ouvertes<\/td>\n<td style=\"width: 21.5674%\" width=\"236\">PORTES OUVERTES<\/td>\n<td style=\"width: 20.1875%\" width=\"255\">CLAYE-SOUILLY<\/td>\n<td style=\"width: 10.2201%\" width=\"157\">17\/05\/2025<\/td>\n<td style=\"width: 7.93428%\" width=\"153\">01\/06\/2025<\/td>\n<\/tr>\n<tr>\n<td style=\"width: 21.2598%\" width=\"262\">Libertium Ouest<\/td>\n<td style=\"width: 17.6963%\" width=\"263\">Salon<\/td>\n<td style=\"width: 21.5674%\" width=\"236\">Plessis-Bourr\u00e9<\/td>\n<td style=\"width: 20.1875%\" width=\"255\">Ch\u00e2teau du Plessis-Bourr\u00e9, Ecuill\u00e9<\/td>\n<td style=\"width: 10.2201%\" width=\"157\">22\/05\/2025<\/td>\n<td style=\"width: 7.93428%\" width=\"153\">25\/05\/2025<\/td>\n<\/tr>\n<tr>\n<td style=\"width: 21.2598%\" width=\"262\">Libertium Ouest<\/td>\n<td style=\"width: 17.6963%\" width=\"263\">Salon<\/td>\n<td style=\"width: 21.5674%\" width=\"236\">Salon de Cholet<\/td>\n<td style=\"width: 20.1875%\" width=\"255\">Parc Expo de la Meilleraie, Cholet<\/td>\n<td style=\"width: 10.2201%\" width=\"157\">12\/06\/2025<\/td>\n<td style=\"width: 7.93428%\" width=\"153\">16\/06\/2025<\/td>\n<\/tr>\n<\/tbody>\n<\/table><\/div>\n","protected":false},"excerpt":{"rendered":"<p>&nbsp; Nom de la concession Type de Manifestation Nom de la Manifestation Lieu de la Manifestation D\u00e9but: Fin: CARAVANES GIRARDIN Foire FOIRE AUX VINS DE COLMAR COLMAR 26\/07\/2024 04\/08\/2024 OLERON CARAVANES &#8211; SAINTES CC Salon SALON ROCHEFORT ROCHEFORT 05\/09\/2024 08\/09\/2024 LIBERTIUM PAYS BASQUE Foire FERIA DE BIARRITZ LA HALLE D&rsquo;IRATY 05\/09\/2024 08\/09\/2024 LIBERTIUM DAX Foire &hellip; <a href=\"https:\/\/www.mclouis.com\/francia\/2024\/07\/30\/salons-dete-et-portes-ouvertes-des-concessionnaires\/\">Continued<\/a><\/p>\n","protected":false},"author":2,"featured_media":4345,"comment_status":"closed","ping_status":"closed","sticky":false,"template":"","format":"standard","meta":{"_acf_changed":false,"inline_featured_image":false,"footnotes":""},"tags":[69],"class_list":["post-4356","post","type-post","status-publish","format-standard","has-post-thumbnail","hentry","tag-portes-ouvertes"],"acf":[],"yoast_head":"<!-- This site is optimized with the Yoast SEO plugin v27.2 - https:\/\/yoast.com\/product\/yoast-seo-wordpress\/ -->\n<title>Salons d\u2019\u00e9t\u00e9 et Portes ouvertes des concessionnaires - McLouis FRANCIA<\/title>\n<meta name=\"robots\" content=\"index, follow, max-snippet:-1, max-image-preview:large, max-video-preview:-1\" \/>\n<link rel=\"canonical\" href=\"https:\/\/www.mclouis.com\/francia\/2024\/07\/30\/salons-dete-et-portes-ouvertes-des-concessionnaires\/\" \/>\n<meta property=\"og:locale\" content=\"fr_FR\" \/>\n<meta property=\"og:type\" content=\"article\" \/>\n<meta property=\"og:title\" content=\"Salons d\u2019\u00e9t\u00e9 et Portes ouvertes des concessionnaires - McLouis FRANCIA\" \/>\n<meta property=\"og:description\" content=\"&nbsp; Nom de la concession Type de Manifestation Nom de la Manifestation Lieu de la Manifestation D\u00e9but: Fin: CARAVANES GIRARDIN Foire FOIRE AUX VINS DE COLMAR COLMAR 26\/07\/2024 04\/08\/2024 OLERON CARAVANES &#8211; SAINTES CC Salon SALON ROCHEFORT ROCHEFORT 05\/09\/2024 08\/09\/2024 LIBERTIUM PAYS BASQUE Foire FERIA DE BIARRITZ LA HALLE D&rsquo;IRATY 05\/09\/2024 08\/09\/2024 LIBERTIUM DAX Foire &hellip; Continued\" \/>\n<meta property=\"og:url\" content=\"https:\/\/www.mclouis.com\/francia\/2024\/07\/30\/salons-dete-et-portes-ouvertes-des-concessionnaires\/\" \/>\n<meta property=\"og:site_name\" content=\"McLouis FRANCIA\" \/>\n<meta property=\"article:published_time\" content=\"2024-07-30T06:49:52+00:00\" \/>\n<meta property=\"og:image\" content=\"https:\/\/www.mclouis.com\/francia\/wp-content\/uploads\/sites\/3\/2024\/07\/MC4-SLIM-AMB.-11.jpg\" \/>\n\t<meta property=\"og:image:width\" content=\"1480\" \/>\n\t<meta property=\"og:image:height\" content=\"987\" \/>\n\t<meta property=\"og:image:type\" content=\"image\/jpeg\" \/>\n<meta name=\"author\" content=\"gmachetti\" \/>\n<meta name=\"twitter:card\" content=\"summary_large_image\" \/>\n<meta name=\"twitter:label1\" content=\"\u00c9crit par\" \/>\n\t<meta name=\"twitter:data1\" content=\"gmachetti\" \/>\n\t<meta name=\"twitter:label2\" content=\"Dur\u00e9e de lecture estim\u00e9e\" \/>\n\t<meta name=\"twitter:data2\" content=\"5 minutes\" \/>\n<script type=\"application\/ld+json\" class=\"yoast-schema-graph\">{\"@context\":\"https:\/\/schema.org\",\"@graph\":[{\"@type\":\"Article\",\"@id\":\"https:\/\/www.mclouis.com\/francia\/2024\/07\/30\/salons-dete-et-portes-ouvertes-des-concessionnaires\/#article\",\"isPartOf\":{\"@id\":\"https:\/\/www.mclouis.com\/francia\/2024\/07\/30\/salons-dete-et-portes-ouvertes-des-concessionnaires\/\"},\"author\":{\"name\":\"gmachetti\",\"@id\":\"https:\/\/www.mclouis.com\/francia\/#\/schema\/person\/261a7fd3deecc24cc786dd1aa80455e6\"},\"headline\":\"Salons d\u2019\u00e9t\u00e9 et Portes ouvertes des concessionnaires\",\"datePublished\":\"2024-07-30T06:49:52+00:00\",\"mainEntityOfPage\":{\"@id\":\"https:\/\/www.mclouis.com\/francia\/2024\/07\/30\/salons-dete-et-portes-ouvertes-des-concessionnaires\/\"},\"wordCount\":686,\"image\":{\"@id\":\"https:\/\/www.mclouis.com\/francia\/2024\/07\/30\/salons-dete-et-portes-ouvertes-des-concessionnaires\/#primaryimage\"},\"thumbnailUrl\":\"https:\/\/www.mclouis.com\/francia\/wp-content\/uploads\/sites\/3\/2024\/07\/MC4-SLIM-AMB.-11.jpg\",\"keywords\":[\"portes ouvertes\"],\"inLanguage\":\"fr-FR\"},{\"@type\":\"WebPage\",\"@id\":\"https:\/\/www.mclouis.com\/francia\/2024\/07\/30\/salons-dete-et-portes-ouvertes-des-concessionnaires\/\",\"url\":\"https:\/\/www.mclouis.com\/francia\/2024\/07\/30\/salons-dete-et-portes-ouvertes-des-concessionnaires\/\",\"name\":\"Salons d\u2019\u00e9t\u00e9 et Portes ouvertes des concessionnaires - McLouis FRANCIA\",\"isPartOf\":{\"@id\":\"https:\/\/www.mclouis.com\/francia\/#website\"},\"primaryImageOfPage\":{\"@id\":\"https:\/\/www.mclouis.com\/francia\/2024\/07\/30\/salons-dete-et-portes-ouvertes-des-concessionnaires\/#primaryimage\"},\"image\":{\"@id\":\"https:\/\/www.mclouis.com\/francia\/2024\/07\/30\/salons-dete-et-portes-ouvertes-des-concessionnaires\/#primaryimage\"},\"thumbnailUrl\":\"https:\/\/www.mclouis.com\/francia\/wp-content\/uploads\/sites\/3\/2024\/07\/MC4-SLIM-AMB.-11.jpg\",\"datePublished\":\"2024-07-30T06:49:52+00:00\",\"author\":{\"@id\":\"https:\/\/www.mclouis.com\/francia\/#\/schema\/person\/261a7fd3deecc24cc786dd1aa80455e6\"},\"breadcrumb\":{\"@id\":\"https:\/\/www.mclouis.com\/francia\/2024\/07\/30\/salons-dete-et-portes-ouvertes-des-concessionnaires\/#breadcrumb\"},\"inLanguage\":\"fr-FR\",\"potentialAction\":[{\"@type\":\"ReadAction\",\"target\":[\"https:\/\/www.mclouis.com\/francia\/2024\/07\/30\/salons-dete-et-portes-ouvertes-des-concessionnaires\/\"]}]},{\"@type\":\"ImageObject\",\"inLanguage\":\"fr-FR\",\"@id\":\"https:\/\/www.mclouis.com\/francia\/2024\/07\/30\/salons-dete-et-portes-ouvertes-des-concessionnaires\/#primaryimage\",\"url\":\"https:\/\/www.mclouis.com\/francia\/wp-content\/uploads\/sites\/3\/2024\/07\/MC4-SLIM-AMB.-11.jpg\",\"contentUrl\":\"https:\/\/www.mclouis.com\/francia\/wp-content\/uploads\/sites\/3\/2024\/07\/MC4-SLIM-AMB.-11.jpg\",\"width\":1480,\"height\":987},{\"@type\":\"BreadcrumbList\",\"@id\":\"https:\/\/www.mclouis.com\/francia\/2024\/07\/30\/salons-dete-et-portes-ouvertes-des-concessionnaires\/#breadcrumb\",\"itemListElement\":[{\"@type\":\"ListItem\",\"position\":1,\"name\":\"Home\",\"item\":\"https:\/\/www.mclouis.com\/francia\/\"},{\"@type\":\"ListItem\",\"position\":2,\"name\":\"Salons d\u2019\u00e9t\u00e9 et Portes ouvertes des concessionnaires\"}]},{\"@type\":\"WebSite\",\"@id\":\"https:\/\/www.mclouis.com\/francia\/#website\",\"url\":\"https:\/\/www.mclouis.com\/francia\/\",\"name\":\"McLouis FRANCIA\",\"description\":\"\",\"potentialAction\":[{\"@type\":\"SearchAction\",\"target\":{\"@type\":\"EntryPoint\",\"urlTemplate\":\"https:\/\/www.mclouis.com\/francia\/?s={search_term_string}\"},\"query-input\":{\"@type\":\"PropertyValueSpecification\",\"valueRequired\":true,\"valueName\":\"search_term_string\"}}],\"inLanguage\":\"fr-FR\"},{\"@type\":\"Person\",\"@id\":\"https:\/\/www.mclouis.com\/francia\/#\/schema\/person\/261a7fd3deecc24cc786dd1aa80455e6\",\"name\":\"gmachetti\",\"image\":{\"@type\":\"ImageObject\",\"inLanguage\":\"fr-FR\",\"@id\":\"https:\/\/secure.gravatar.com\/avatar\/1c9513b6a748b7ddd330e39a6916148d4289591b5ad773e5b5b367ae48c24cbd?s=96&d=mm&r=g\",\"url\":\"https:\/\/secure.gravatar.com\/avatar\/1c9513b6a748b7ddd330e39a6916148d4289591b5ad773e5b5b367ae48c24cbd?s=96&d=mm&r=g\",\"contentUrl\":\"https:\/\/secure.gravatar.com\/avatar\/1c9513b6a748b7ddd330e39a6916148d4289591b5ad773e5b5b367ae48c24cbd?s=96&d=mm&r=g\",\"caption\":\"gmachetti\"},\"url\":\"https:\/\/www.mclouis.com\/francia\/author\/gmachetti\/\"}]}<\/script>\n<!-- \/ Yoast SEO plugin. -->","yoast_head_json":{"title":"Salons d\u2019\u00e9t\u00e9 et Portes ouvertes des concessionnaires - McLouis FRANCIA","robots":{"index":"index","follow":"follow","max-snippet":"max-snippet:-1","max-image-preview":"max-image-preview:large","max-video-preview":"max-video-preview:-1"},"canonical":"https:\/\/www.mclouis.com\/francia\/2024\/07\/30\/salons-dete-et-portes-ouvertes-des-concessionnaires\/","og_locale":"fr_FR","og_type":"article","og_title":"Salons d\u2019\u00e9t\u00e9 et Portes ouvertes des concessionnaires - McLouis FRANCIA","og_description":"&nbsp; Nom de la concession Type de Manifestation Nom de la Manifestation Lieu de la Manifestation D\u00e9but: Fin: CARAVANES GIRARDIN Foire FOIRE AUX VINS DE COLMAR COLMAR 26\/07\/2024 04\/08\/2024 OLERON CARAVANES &#8211; SAINTES CC Salon SALON ROCHEFORT ROCHEFORT 05\/09\/2024 08\/09\/2024 LIBERTIUM PAYS BASQUE Foire FERIA DE BIARRITZ LA HALLE D&rsquo;IRATY 05\/09\/2024 08\/09\/2024 LIBERTIUM DAX Foire &hellip; Continued","og_url":"https:\/\/www.mclouis.com\/francia\/2024\/07\/30\/salons-dete-et-portes-ouvertes-des-concessionnaires\/","og_site_name":"McLouis FRANCIA","article_published_time":"2024-07-30T06:49:52+00:00","og_image":[{"width":1480,"height":987,"url":"https:\/\/www.mclouis.com\/francia\/wp-content\/uploads\/sites\/3\/2024\/07\/MC4-SLIM-AMB.-11.jpg","type":"image\/jpeg"}],"author":"gmachetti","twitter_card":"summary_large_image","twitter_misc":{"\u00c9crit par":"gmachetti","Dur\u00e9e de lecture estim\u00e9e":"5 minutes"},"schema":{"@context":"https:\/\/schema.org","@graph":[{"@type":"Article","@id":"https:\/\/www.mclouis.com\/francia\/2024\/07\/30\/salons-dete-et-portes-ouvertes-des-concessionnaires\/#article","isPartOf":{"@id":"https:\/\/www.mclouis.com\/francia\/2024\/07\/30\/salons-dete-et-portes-ouvertes-des-concessionnaires\/"},"author":{"name":"gmachetti","@id":"https:\/\/www.mclouis.com\/francia\/#\/schema\/person\/261a7fd3deecc24cc786dd1aa80455e6"},"headline":"Salons d\u2019\u00e9t\u00e9 et Portes ouvertes des concessionnaires","datePublished":"2024-07-30T06:49:52+00:00","mainEntityOfPage":{"@id":"https:\/\/www.mclouis.com\/francia\/2024\/07\/30\/salons-dete-et-portes-ouvertes-des-concessionnaires\/"},"wordCount":686,"image":{"@id":"https:\/\/www.mclouis.com\/francia\/2024\/07\/30\/salons-dete-et-portes-ouvertes-des-concessionnaires\/#primaryimage"},"thumbnailUrl":"https:\/\/www.mclouis.com\/francia\/wp-content\/uploads\/sites\/3\/2024\/07\/MC4-SLIM-AMB.-11.jpg","keywords":["portes ouvertes"],"inLanguage":"fr-FR"},{"@type":"WebPage","@id":"https:\/\/www.mclouis.com\/francia\/2024\/07\/30\/salons-dete-et-portes-ouvertes-des-concessionnaires\/","url":"https:\/\/www.mclouis.com\/francia\/2024\/07\/30\/salons-dete-et-portes-ouvertes-des-concessionnaires\/","name":"Salons d\u2019\u00e9t\u00e9 et Portes ouvertes des concessionnaires - McLouis FRANCIA","isPartOf":{"@id":"https:\/\/www.mclouis.com\/francia\/#website"},"primaryImageOfPage":{"@id":"https:\/\/www.mclouis.com\/francia\/2024\/07\/30\/salons-dete-et-portes-ouvertes-des-concessionnaires\/#primaryimage"},"image":{"@id":"https:\/\/www.mclouis.com\/francia\/2024\/07\/30\/salons-dete-et-portes-ouvertes-des-concessionnaires\/#primaryimage"},"thumbnailUrl":"https:\/\/www.mclouis.com\/francia\/wp-content\/uploads\/sites\/3\/2024\/07\/MC4-SLIM-AMB.-11.jpg","datePublished":"2024-07-30T06:49:52+00:00","author":{"@id":"https:\/\/www.mclouis.com\/francia\/#\/schema\/person\/261a7fd3deecc24cc786dd1aa80455e6"},"breadcrumb":{"@id":"https:\/\/www.mclouis.com\/francia\/2024\/07\/30\/salons-dete-et-portes-ouvertes-des-concessionnaires\/#breadcrumb"},"inLanguage":"fr-FR","potentialAction":[{"@type":"ReadAction","target":["https:\/\/www.mclouis.com\/francia\/2024\/07\/30\/salons-dete-et-portes-ouvertes-des-concessionnaires\/"]}]},{"@type":"ImageObject","inLanguage":"fr-FR","@id":"https:\/\/www.mclouis.com\/francia\/2024\/07\/30\/salons-dete-et-portes-ouvertes-des-concessionnaires\/#primaryimage","url":"https:\/\/www.mclouis.com\/francia\/wp-content\/uploads\/sites\/3\/2024\/07\/MC4-SLIM-AMB.-11.jpg","contentUrl":"https:\/\/www.mclouis.com\/francia\/wp-content\/uploads\/sites\/3\/2024\/07\/MC4-SLIM-AMB.-11.jpg","width":1480,"height":987},{"@type":"BreadcrumbList","@id":"https:\/\/www.mclouis.com\/francia\/2024\/07\/30\/salons-dete-et-portes-ouvertes-des-concessionnaires\/#breadcrumb","itemListElement":[{"@type":"ListItem","position":1,"name":"Home","item":"https:\/\/www.mclouis.com\/francia\/"},{"@type":"ListItem","position":2,"name":"Salons d\u2019\u00e9t\u00e9 et Portes ouvertes des concessionnaires"}]},{"@type":"WebSite","@id":"https:\/\/www.mclouis.com\/francia\/#website","url":"https:\/\/www.mclouis.com\/francia\/","name":"McLouis FRANCIA","description":"","potentialAction":[{"@type":"SearchAction","target":{"@type":"EntryPoint","urlTemplate":"https:\/\/www.mclouis.com\/francia\/?s={search_term_string}"},"query-input":{"@type":"PropertyValueSpecification","valueRequired":true,"valueName":"search_term_string"}}],"inLanguage":"fr-FR"},{"@type":"Person","@id":"https:\/\/www.mclouis.com\/francia\/#\/schema\/person\/261a7fd3deecc24cc786dd1aa80455e6","name":"gmachetti","image":{"@type":"ImageObject","inLanguage":"fr-FR","@id":"https:\/\/secure.gravatar.com\/avatar\/1c9513b6a748b7ddd330e39a6916148d4289591b5ad773e5b5b367ae48c24cbd?s=96&d=mm&r=g","url":"https:\/\/secure.gravatar.com\/avatar\/1c9513b6a748b7ddd330e39a6916148d4289591b5ad773e5b5b367ae48c24cbd?s=96&d=mm&r=g","contentUrl":"https:\/\/secure.gravatar.com\/avatar\/1c9513b6a748b7ddd330e39a6916148d4289591b5ad773e5b5b367ae48c24cbd?s=96&d=mm&r=g","caption":"gmachetti"},"url":"https:\/\/www.mclouis.com\/francia\/author\/gmachetti\/"}]}},"_links":{"self":[{"href":"https:\/\/www.mclouis.com\/francia\/wp-json\/wp\/v2\/posts\/4356","targetHints":{"allow":["GET"]}}],"collection":[{"href":"https:\/\/www.mclouis.com\/francia\/wp-json\/wp\/v2\/posts"}],"about":[{"href":"https:\/\/www.mclouis.com\/francia\/wp-json\/wp\/v2\/types\/post"}],"author":[{"embeddable":true,"href":"https:\/\/www.mclouis.com\/francia\/wp-json\/wp\/v2\/users\/2"}],"replies":[{"embeddable":true,"href":"https:\/\/www.mclouis.com\/francia\/wp-json\/wp\/v2\/comments?post=4356"}],"version-history":[{"count":1,"href":"https:\/\/www.mclouis.com\/francia\/wp-json\/wp\/v2\/posts\/4356\/revisions"}],"predecessor-version":[{"id":4357,"href":"https:\/\/www.mclouis.com\/francia\/wp-json\/wp\/v2\/posts\/4356\/revisions\/4357"}],"wp:featuredmedia":[{"embeddable":true,"href":"https:\/\/www.mclouis.com\/francia\/wp-json\/wp\/v2\/media\/4345"}],"wp:attachment":[{"href":"https:\/\/www.mclouis.com\/francia\/wp-json\/wp\/v2\/media?parent=4356"}],"wp:term":[{"taxonomy":"post_tag","embeddable":true,"href":"https:\/\/www.mclouis.com\/francia\/wp-json\/wp\/v2\/tags?post=4356"}],"curies":[{"name":"wp","href":"https:\/\/api.w.org\/{rel}","templated":true}]}}