{"id":4362,"date":"2024-08-27T14:26:41","date_gmt":"2024-08-27T12:26:41","guid":{"rendered":"https:\/\/www.mclouis.com\/francia\/?p=4362"},"modified":"2024-08-27T14:28:34","modified_gmt":"2024-08-27T12:28:34","slug":"mclouis-participe-a-la-58eme-edition-du-salon-vdl-du-paris-nord-villepinte","status":"publish","type":"post","link":"https:\/\/www.mclouis.com\/francia\/2024\/08\/27\/mclouis-participe-a-la-58eme-edition-du-salon-vdl-du-paris-nord-villepinte\/","title":{"rendered":"McLouis participe \u00e0 la 58\u00e8me \u00e9dition du Salon VDL du Paris-Nord Villepinte"},"content":{"rendered":"<p>McLouis participe \u00e0 la 58<sup>\u00e8me<\/sup>\u00a0\u00e9dition du Salon VDL de Villepinte.<\/p>\n<p>Nous vous donnons rendez-vous du\u00a0<strong>21 au 29 septembre<\/strong> au Salon VDL de Villepinte 2024,\u00a0<strong>Hall 5 A, Stand B 08<\/strong>.<\/p>\n<p>Nous vous attendons, c\u2019est l\u2019occasion de d\u00e9couvrir les diff\u00e9rents v\u00e9hicules McLouis. Les mod\u00e8les expos\u00e9s seront\u00a0:<\/p>\n<div class=\"table-responsive\"><table class=\"table\" style=\"width: 256px\" width=\"262\">\n<tbody>\n<tr>\n<td style=\"width: 256px\" width=\"198\">MC4 SLIM 331<\/td>\n<\/tr>\n<tr>\n<td style=\"width: 256px\">MC4 SLIM 337<\/td>\n<\/tr>\n<tr>\n<td style=\"width: 256px\">MC4 SLIM 339<\/td>\n<\/tr>\n<tr>\n<td style=\"width: 256px\">GLAMYS 320<\/td>\n<\/tr>\n<tr>\n<td style=\"width: 256px\">GLAMYS 322<\/td>\n<\/tr>\n<tr>\n<td style=\"width: 256px\">MC4 373<\/td>\n<\/tr>\n<tr>\n<td style=\"width: 256px\">MC4 365<\/td>\n<\/tr>\n<tr>\n<td style=\"width: 256px\">MC4 379<\/td>\n<\/tr>\n<tr>\n<td style=\"width: 256px\" width=\"198\">NEVIS 873<\/td>\n<\/tr>\n<tr>\n<td style=\"width: 256px\">NEVIS 881<\/td>\n<\/tr>\n<tr>\n<td style=\"width: 256px\">NEVIS 879<\/td>\n<\/tr>\n<tr>\n<td style=\"width: 256px\">MC4 870<\/td>\n<\/tr>\n<tr>\n<td style=\"width: 256px\">MC4 879<\/td>\n<\/tr>\n<tr>\n<td style=\"width: 256px\">MC4 881<\/td>\n<\/tr>\n<tr>\n<td style=\"width: 256px\"><\/td>\n<\/tr>\n<tr>\n<td style=\"width: 256px\"><strong>Fourgon<\/strong><\/td>\n<\/tr>\n<tr>\n<td style=\"width: 256px\" width=\"198\">MENFYS 3 SIGNATURE<\/td>\n<\/tr>\n<tr>\n<td style=\"width: 256px\">MENFYS 4 S-LINE<\/td>\n<\/tr>\n<tr>\n<td style=\"width: 256px\">MENFYS 3 MAXI S-LINE<\/td>\n<\/tr>\n<tr>\n<td style=\"width: 256px\">MENFYS 4 CS S-LINE<\/td>\n<\/tr>\n<tr>\n<td style=\"width: 256px\">MENFYS 1 S-LINE<\/td>\n<\/tr>\n<tr>\n<td style=\"width: 256px\">MENFYS 7 S-LINE<\/td>\n<\/tr>\n<tr>\n<td style=\"width: 256px\">MENFYS 6 MAXI S-LINE<\/td>\n<\/tr>\n<tr>\n<td style=\"width: 256px\">MENFYS 4 MAXI S-LINE<\/td>\n<\/tr>\n<\/tbody>\n<\/table><\/div>\n","protected":false},"excerpt":{"rendered":"<p>McLouis participe \u00e0 la 58\u00e8me\u00a0\u00e9dition du Salon VDL de Villepinte. Nous vous donnons rendez-vous du\u00a021 au 29 septembre au Salon VDL de Villepinte 2024,\u00a0Hall 5 A, Stand B 08. Nous vous attendons, c\u2019est l\u2019occasion de d\u00e9couvrir les diff\u00e9rents v\u00e9hicules McLouis. Les mod\u00e8les expos\u00e9s seront\u00a0: MC4 SLIM 331 MC4 SLIM 337 MC4 SLIM 339 GLAMYS 320 &hellip; <a href=\"https:\/\/www.mclouis.com\/francia\/2024\/08\/27\/mclouis-participe-a-la-58eme-edition-du-salon-vdl-du-paris-nord-villepinte\/\">Continued<\/a><\/p>\n","protected":false},"author":2,"featured_media":4363,"comment_status":"closed","ping_status":"closed","sticky":false,"template":"","format":"standard","meta":{"_acf_changed":false,"inline_featured_image":false,"footnotes":""},"tags":[],"class_list":["post-4362","post","type-post","status-publish","format-standard","has-post-thumbnail","hentry"],"acf":[],"yoast_head":"<!-- This site is optimized with the Yoast SEO plugin v27.2 - https:\/\/yoast.com\/product\/yoast-seo-wordpress\/ -->\n<title>McLouis participe \u00e0 la 58\u00e8me \u00e9dition du Salon VDL du Paris-Nord Villepinte - McLouis FRANCIA<\/title>\n<meta name=\"robots\" content=\"index, follow, max-snippet:-1, max-image-preview:large, max-video-preview:-1\" \/>\n<link rel=\"canonical\" href=\"https:\/\/www.mclouis.com\/francia\/2024\/08\/27\/mclouis-participe-a-la-58eme-edition-du-salon-vdl-du-paris-nord-villepinte\/\" \/>\n<meta property=\"og:locale\" content=\"fr_FR\" \/>\n<meta property=\"og:type\" content=\"article\" \/>\n<meta property=\"og:title\" content=\"McLouis participe \u00e0 la 58\u00e8me \u00e9dition du Salon VDL du Paris-Nord Villepinte - McLouis FRANCIA\" \/>\n<meta property=\"og:description\" content=\"McLouis participe \u00e0 la 58\u00e8me\u00a0\u00e9dition du Salon VDL de Villepinte. Nous vous donnons rendez-vous du\u00a021 au 29 septembre au Salon VDL de Villepinte 2024,\u00a0Hall 5 A, Stand B 08. Nous vous attendons, c\u2019est l\u2019occasion de d\u00e9couvrir les diff\u00e9rents v\u00e9hicules McLouis. Les mod\u00e8les expos\u00e9s seront\u00a0: MC4 SLIM 331 MC4 SLIM 337 MC4 SLIM 339 GLAMYS 320 &hellip; Continued\" \/>\n<meta property=\"og:url\" content=\"https:\/\/www.mclouis.com\/francia\/2024\/08\/27\/mclouis-participe-a-la-58eme-edition-du-salon-vdl-du-paris-nord-villepinte\/\" \/>\n<meta property=\"og:site_name\" content=\"McLouis FRANCIA\" \/>\n<meta property=\"article:published_time\" content=\"2024-08-27T12:26:41+00:00\" \/>\n<meta property=\"article:modified_time\" content=\"2024-08-27T12:28:34+00:00\" \/>\n<meta property=\"og:image\" content=\"https:\/\/www.mclouis.com\/francia\/wp-content\/uploads\/sites\/3\/2024\/08\/Mclouis-villepinte-fiera.jpg\" \/>\n\t<meta property=\"og:image:width\" content=\"1800\" \/>\n\t<meta property=\"og:image:height\" content=\"900\" \/>\n\t<meta property=\"og:image:type\" content=\"image\/jpeg\" \/>\n<meta name=\"author\" content=\"gmachetti\" \/>\n<meta name=\"twitter:card\" content=\"summary_large_image\" \/>\n<meta name=\"twitter:label1\" content=\"\u00c9crit par\" \/>\n\t<meta name=\"twitter:data1\" content=\"gmachetti\" \/>\n\t<meta name=\"twitter:label2\" content=\"Dur\u00e9e de lecture estim\u00e9e\" \/>\n\t<meta name=\"twitter:data2\" content=\"1 minute\" \/>\n<script type=\"application\/ld+json\" class=\"yoast-schema-graph\">{\"@context\":\"https:\/\/schema.org\",\"@graph\":[{\"@type\":\"Article\",\"@id\":\"https:\/\/www.mclouis.com\/francia\/2024\/08\/27\/mclouis-participe-a-la-58eme-edition-du-salon-vdl-du-paris-nord-villepinte\/#article\",\"isPartOf\":{\"@id\":\"https:\/\/www.mclouis.com\/francia\/2024\/08\/27\/mclouis-participe-a-la-58eme-edition-du-salon-vdl-du-paris-nord-villepinte\/\"},\"author\":{\"name\":\"gmachetti\",\"@id\":\"https:\/\/www.mclouis.com\/francia\/#\/schema\/person\/261a7fd3deecc24cc786dd1aa80455e6\"},\"headline\":\"McLouis participe \u00e0 la 58\u00e8me \u00e9dition du Salon VDL du Paris-Nord Villepinte\",\"datePublished\":\"2024-08-27T12:26:41+00:00\",\"dateModified\":\"2024-08-27T12:28:34+00:00\",\"mainEntityOfPage\":{\"@id\":\"https:\/\/www.mclouis.com\/francia\/2024\/08\/27\/mclouis-participe-a-la-58eme-edition-du-salon-vdl-du-paris-nord-villepinte\/\"},\"wordCount\":97,\"image\":{\"@id\":\"https:\/\/www.mclouis.com\/francia\/2024\/08\/27\/mclouis-participe-a-la-58eme-edition-du-salon-vdl-du-paris-nord-villepinte\/#primaryimage\"},\"thumbnailUrl\":\"https:\/\/www.mclouis.com\/francia\/wp-content\/uploads\/sites\/3\/2024\/08\/Mclouis-villepinte-fiera.jpg\",\"inLanguage\":\"fr-FR\"},{\"@type\":\"WebPage\",\"@id\":\"https:\/\/www.mclouis.com\/francia\/2024\/08\/27\/mclouis-participe-a-la-58eme-edition-du-salon-vdl-du-paris-nord-villepinte\/\",\"url\":\"https:\/\/www.mclouis.com\/francia\/2024\/08\/27\/mclouis-participe-a-la-58eme-edition-du-salon-vdl-du-paris-nord-villepinte\/\",\"name\":\"McLouis participe \u00e0 la 58\u00e8me \u00e9dition du Salon VDL du Paris-Nord Villepinte - McLouis FRANCIA\",\"isPartOf\":{\"@id\":\"https:\/\/www.mclouis.com\/francia\/#website\"},\"primaryImageOfPage\":{\"@id\":\"https:\/\/www.mclouis.com\/francia\/2024\/08\/27\/mclouis-participe-a-la-58eme-edition-du-salon-vdl-du-paris-nord-villepinte\/#primaryimage\"},\"image\":{\"@id\":\"https:\/\/www.mclouis.com\/francia\/2024\/08\/27\/mclouis-participe-a-la-58eme-edition-du-salon-vdl-du-paris-nord-villepinte\/#primaryimage\"},\"thumbnailUrl\":\"https:\/\/www.mclouis.com\/francia\/wp-content\/uploads\/sites\/3\/2024\/08\/Mclouis-villepinte-fiera.jpg\",\"datePublished\":\"2024-08-27T12:26:41+00:00\",\"dateModified\":\"2024-08-27T12:28:34+00:00\",\"author\":{\"@id\":\"https:\/\/www.mclouis.com\/francia\/#\/schema\/person\/261a7fd3deecc24cc786dd1aa80455e6\"},\"breadcrumb\":{\"@id\":\"https:\/\/www.mclouis.com\/francia\/2024\/08\/27\/mclouis-participe-a-la-58eme-edition-du-salon-vdl-du-paris-nord-villepinte\/#breadcrumb\"},\"inLanguage\":\"fr-FR\",\"potentialAction\":[{\"@type\":\"ReadAction\",\"target\":[\"https:\/\/www.mclouis.com\/francia\/2024\/08\/27\/mclouis-participe-a-la-58eme-edition-du-salon-vdl-du-paris-nord-villepinte\/\"]}]},{\"@type\":\"ImageObject\",\"inLanguage\":\"fr-FR\",\"@id\":\"https:\/\/www.mclouis.com\/francia\/2024\/08\/27\/mclouis-participe-a-la-58eme-edition-du-salon-vdl-du-paris-nord-villepinte\/#primaryimage\",\"url\":\"https:\/\/www.mclouis.com\/francia\/wp-content\/uploads\/sites\/3\/2024\/08\/Mclouis-villepinte-fiera.jpg\",\"contentUrl\":\"https:\/\/www.mclouis.com\/francia\/wp-content\/uploads\/sites\/3\/2024\/08\/Mclouis-villepinte-fiera.jpg\",\"width\":1800,\"height\":900},{\"@type\":\"BreadcrumbList\",\"@id\":\"https:\/\/www.mclouis.com\/francia\/2024\/08\/27\/mclouis-participe-a-la-58eme-edition-du-salon-vdl-du-paris-nord-villepinte\/#breadcrumb\",\"itemListElement\":[{\"@type\":\"ListItem\",\"position\":1,\"name\":\"Home\",\"item\":\"https:\/\/www.mclouis.com\/francia\/\"},{\"@type\":\"ListItem\",\"position\":2,\"name\":\"McLouis participe \u00e0 la 58\u00e8me \u00e9dition du Salon VDL du Paris-Nord Villepinte\"}]},{\"@type\":\"WebSite\",\"@id\":\"https:\/\/www.mclouis.com\/francia\/#website\",\"url\":\"https:\/\/www.mclouis.com\/francia\/\",\"name\":\"McLouis FRANCIA\",\"description\":\"\",\"potentialAction\":[{\"@type\":\"SearchAction\",\"target\":{\"@type\":\"EntryPoint\",\"urlTemplate\":\"https:\/\/www.mclouis.com\/francia\/?s={search_term_string}\"},\"query-input\":{\"@type\":\"PropertyValueSpecification\",\"valueRequired\":true,\"valueName\":\"search_term_string\"}}],\"inLanguage\":\"fr-FR\"},{\"@type\":\"Person\",\"@id\":\"https:\/\/www.mclouis.com\/francia\/#\/schema\/person\/261a7fd3deecc24cc786dd1aa80455e6\",\"name\":\"gmachetti\",\"image\":{\"@type\":\"ImageObject\",\"inLanguage\":\"fr-FR\",\"@id\":\"https:\/\/secure.gravatar.com\/avatar\/1c9513b6a748b7ddd330e39a6916148d4289591b5ad773e5b5b367ae48c24cbd?s=96&d=mm&r=g\",\"url\":\"https:\/\/secure.gravatar.com\/avatar\/1c9513b6a748b7ddd330e39a6916148d4289591b5ad773e5b5b367ae48c24cbd?s=96&d=mm&r=g\",\"contentUrl\":\"https:\/\/secure.gravatar.com\/avatar\/1c9513b6a748b7ddd330e39a6916148d4289591b5ad773e5b5b367ae48c24cbd?s=96&d=mm&r=g\",\"caption\":\"gmachetti\"},\"url\":\"https:\/\/www.mclouis.com\/francia\/author\/gmachetti\/\"}]}<\/script>\n<!-- \/ Yoast SEO plugin. -->","yoast_head_json":{"title":"McLouis participe \u00e0 la 58\u00e8me \u00e9dition du Salon VDL du Paris-Nord Villepinte - McLouis FRANCIA","robots":{"index":"index","follow":"follow","max-snippet":"max-snippet:-1","max-image-preview":"max-image-preview:large","max-video-preview":"max-video-preview:-1"},"canonical":"https:\/\/www.mclouis.com\/francia\/2024\/08\/27\/mclouis-participe-a-la-58eme-edition-du-salon-vdl-du-paris-nord-villepinte\/","og_locale":"fr_FR","og_type":"article","og_title":"McLouis participe \u00e0 la 58\u00e8me \u00e9dition du Salon VDL du Paris-Nord Villepinte - McLouis FRANCIA","og_description":"McLouis participe \u00e0 la 58\u00e8me\u00a0\u00e9dition du Salon VDL de Villepinte. Nous vous donnons rendez-vous du\u00a021 au 29 septembre au Salon VDL de Villepinte 2024,\u00a0Hall 5 A, Stand B 08. Nous vous attendons, c\u2019est l\u2019occasion de d\u00e9couvrir les diff\u00e9rents v\u00e9hicules McLouis. Les mod\u00e8les expos\u00e9s seront\u00a0: MC4 SLIM 331 MC4 SLIM 337 MC4 SLIM 339 GLAMYS 320 &hellip; Continued","og_url":"https:\/\/www.mclouis.com\/francia\/2024\/08\/27\/mclouis-participe-a-la-58eme-edition-du-salon-vdl-du-paris-nord-villepinte\/","og_site_name":"McLouis FRANCIA","article_published_time":"2024-08-27T12:26:41+00:00","article_modified_time":"2024-08-27T12:28:34+00:00","og_image":[{"width":1800,"height":900,"url":"https:\/\/www.mclouis.com\/francia\/wp-content\/uploads\/sites\/3\/2024\/08\/Mclouis-villepinte-fiera.jpg","type":"image\/jpeg"}],"author":"gmachetti","twitter_card":"summary_large_image","twitter_misc":{"\u00c9crit par":"gmachetti","Dur\u00e9e de lecture estim\u00e9e":"1 minute"},"schema":{"@context":"https:\/\/schema.org","@graph":[{"@type":"Article","@id":"https:\/\/www.mclouis.com\/francia\/2024\/08\/27\/mclouis-participe-a-la-58eme-edition-du-salon-vdl-du-paris-nord-villepinte\/#article","isPartOf":{"@id":"https:\/\/www.mclouis.com\/francia\/2024\/08\/27\/mclouis-participe-a-la-58eme-edition-du-salon-vdl-du-paris-nord-villepinte\/"},"author":{"name":"gmachetti","@id":"https:\/\/www.mclouis.com\/francia\/#\/schema\/person\/261a7fd3deecc24cc786dd1aa80455e6"},"headline":"McLouis participe \u00e0 la 58\u00e8me \u00e9dition du Salon VDL du Paris-Nord Villepinte","datePublished":"2024-08-27T12:26:41+00:00","dateModified":"2024-08-27T12:28:34+00:00","mainEntityOfPage":{"@id":"https:\/\/www.mclouis.com\/francia\/2024\/08\/27\/mclouis-participe-a-la-58eme-edition-du-salon-vdl-du-paris-nord-villepinte\/"},"wordCount":97,"image":{"@id":"https:\/\/www.mclouis.com\/francia\/2024\/08\/27\/mclouis-participe-a-la-58eme-edition-du-salon-vdl-du-paris-nord-villepinte\/#primaryimage"},"thumbnailUrl":"https:\/\/www.mclouis.com\/francia\/wp-content\/uploads\/sites\/3\/2024\/08\/Mclouis-villepinte-fiera.jpg","inLanguage":"fr-FR"},{"@type":"WebPage","@id":"https:\/\/www.mclouis.com\/francia\/2024\/08\/27\/mclouis-participe-a-la-58eme-edition-du-salon-vdl-du-paris-nord-villepinte\/","url":"https:\/\/www.mclouis.com\/francia\/2024\/08\/27\/mclouis-participe-a-la-58eme-edition-du-salon-vdl-du-paris-nord-villepinte\/","name":"McLouis participe \u00e0 la 58\u00e8me \u00e9dition du Salon VDL du Paris-Nord Villepinte - McLouis FRANCIA","isPartOf":{"@id":"https:\/\/www.mclouis.com\/francia\/#website"},"primaryImageOfPage":{"@id":"https:\/\/www.mclouis.com\/francia\/2024\/08\/27\/mclouis-participe-a-la-58eme-edition-du-salon-vdl-du-paris-nord-villepinte\/#primaryimage"},"image":{"@id":"https:\/\/www.mclouis.com\/francia\/2024\/08\/27\/mclouis-participe-a-la-58eme-edition-du-salon-vdl-du-paris-nord-villepinte\/#primaryimage"},"thumbnailUrl":"https:\/\/www.mclouis.com\/francia\/wp-content\/uploads\/sites\/3\/2024\/08\/Mclouis-villepinte-fiera.jpg","datePublished":"2024-08-27T12:26:41+00:00","dateModified":"2024-08-27T12:28:34+00:00","author":{"@id":"https:\/\/www.mclouis.com\/francia\/#\/schema\/person\/261a7fd3deecc24cc786dd1aa80455e6"},"breadcrumb":{"@id":"https:\/\/www.mclouis.com\/francia\/2024\/08\/27\/mclouis-participe-a-la-58eme-edition-du-salon-vdl-du-paris-nord-villepinte\/#breadcrumb"},"inLanguage":"fr-FR","potentialAction":[{"@type":"ReadAction","target":["https:\/\/www.mclouis.com\/francia\/2024\/08\/27\/mclouis-participe-a-la-58eme-edition-du-salon-vdl-du-paris-nord-villepinte\/"]}]},{"@type":"ImageObject","inLanguage":"fr-FR","@id":"https:\/\/www.mclouis.com\/francia\/2024\/08\/27\/mclouis-participe-a-la-58eme-edition-du-salon-vdl-du-paris-nord-villepinte\/#primaryimage","url":"https:\/\/www.mclouis.com\/francia\/wp-content\/uploads\/sites\/3\/2024\/08\/Mclouis-villepinte-fiera.jpg","contentUrl":"https:\/\/www.mclouis.com\/francia\/wp-content\/uploads\/sites\/3\/2024\/08\/Mclouis-villepinte-fiera.jpg","width":1800,"height":900},{"@type":"BreadcrumbList","@id":"https:\/\/www.mclouis.com\/francia\/2024\/08\/27\/mclouis-participe-a-la-58eme-edition-du-salon-vdl-du-paris-nord-villepinte\/#breadcrumb","itemListElement":[{"@type":"ListItem","position":1,"name":"Home","item":"https:\/\/www.mclouis.com\/francia\/"},{"@type":"ListItem","position":2,"name":"McLouis participe \u00e0 la 58\u00e8me \u00e9dition du Salon VDL du Paris-Nord Villepinte"}]},{"@type":"WebSite","@id":"https:\/\/www.mclouis.com\/francia\/#website","url":"https:\/\/www.mclouis.com\/francia\/","name":"McLouis FRANCIA","description":"","potentialAction":[{"@type":"SearchAction","target":{"@type":"EntryPoint","urlTemplate":"https:\/\/www.mclouis.com\/francia\/?s={search_term_string}"},"query-input":{"@type":"PropertyValueSpecification","valueRequired":true,"valueName":"search_term_string"}}],"inLanguage":"fr-FR"},{"@type":"Person","@id":"https:\/\/www.mclouis.com\/francia\/#\/schema\/person\/261a7fd3deecc24cc786dd1aa80455e6","name":"gmachetti","image":{"@type":"ImageObject","inLanguage":"fr-FR","@id":"https:\/\/secure.gravatar.com\/avatar\/1c9513b6a748b7ddd330e39a6916148d4289591b5ad773e5b5b367ae48c24cbd?s=96&d=mm&r=g","url":"https:\/\/secure.gravatar.com\/avatar\/1c9513b6a748b7ddd330e39a6916148d4289591b5ad773e5b5b367ae48c24cbd?s=96&d=mm&r=g","contentUrl":"https:\/\/secure.gravatar.com\/avatar\/1c9513b6a748b7ddd330e39a6916148d4289591b5ad773e5b5b367ae48c24cbd?s=96&d=mm&r=g","caption":"gmachetti"},"url":"https:\/\/www.mclouis.com\/francia\/author\/gmachetti\/"}]}},"_links":{"self":[{"href":"https:\/\/www.mclouis.com\/francia\/wp-json\/wp\/v2\/posts\/4362","targetHints":{"allow":["GET"]}}],"collection":[{"href":"https:\/\/www.mclouis.com\/francia\/wp-json\/wp\/v2\/posts"}],"about":[{"href":"https:\/\/www.mclouis.com\/francia\/wp-json\/wp\/v2\/types\/post"}],"author":[{"embeddable":true,"href":"https:\/\/www.mclouis.com\/francia\/wp-json\/wp\/v2\/users\/2"}],"replies":[{"embeddable":true,"href":"https:\/\/www.mclouis.com\/francia\/wp-json\/wp\/v2\/comments?post=4362"}],"version-history":[{"count":2,"href":"https:\/\/www.mclouis.com\/francia\/wp-json\/wp\/v2\/posts\/4362\/revisions"}],"predecessor-version":[{"id":4365,"href":"https:\/\/www.mclouis.com\/francia\/wp-json\/wp\/v2\/posts\/4362\/revisions\/4365"}],"wp:featuredmedia":[{"embeddable":true,"href":"https:\/\/www.mclouis.com\/francia\/wp-json\/wp\/v2\/media\/4363"}],"wp:attachment":[{"href":"https:\/\/www.mclouis.com\/francia\/wp-json\/wp\/v2\/media?parent=4362"}],"wp:term":[{"taxonomy":"post_tag","embeddable":true,"href":"https:\/\/www.mclouis.com\/francia\/wp-json\/wp\/v2\/tags?post=4362"}],"curies":[{"name":"wp","href":"https:\/\/api.w.org\/{rel}","templated":true}]}}