{"id":442,"date":"2023-02-07T17:35:40","date_gmt":"2023-02-07T16:35:40","guid":{"rendered":"https:\/\/www.mclouis.com\/francia\/2024\/05\/23\/salons-dete-et-portes-ouvertes-des-concessionnaires-en-france\/"},"modified":"2024-10-11T14:51:15","modified_gmt":"2024-10-11T12:51:15","slug":"salons-dete-et-portes-ouvertes-des-concessionnaires-en-france","status":"publish","type":"post","link":"https:\/\/www.mclouis.com\/francia\/2023\/02\/07\/salons-dete-et-portes-ouvertes-des-concessionnaires-en-france\/","title":{"rendered":"Salons d&rsquo;\u00e9t\u00e9 et Portes ouvertes des concessionnaires en France"},"content":{"rendered":"<p>Salons d&rsquo;\u00e9t\u00e9 et Portes ouvertes des concessionnaires en Francehttps:\/\/webapi.sea-camper.com\/Immagine\/54037\/MENF+3-16.jpg<\/p>\n","protected":false},"excerpt":{"rendered":"<p>Salons d&rsquo;\u00e9t\u00e9 et Portes ouvertes des concessionnaires en Francehttps:\/\/webapi.sea-camper.com\/Immagine\/54037\/MENF+3-16.jpg<\/p>\n","protected":false},"author":1,"featured_media":4166,"comment_status":"closed","ping_status":"closed","sticky":false,"template":"","format":"standard","meta":{"_acf_changed":false,"inline_featured_image":false,"footnotes":""},"tags":[66],"class_list":["post-442","post","type-post","status-publish","format-standard","has-post-thumbnail","hentry","tag-salon"],"acf":[],"yoast_head":"<!-- This site is optimized with the Yoast SEO plugin v27.2 - https:\/\/yoast.com\/product\/yoast-seo-wordpress\/ -->\n<title>Salons d&#039;\u00e9t\u00e9 et Portes ouvertes des concessionnaires en France - McLouis FRANCIA<\/title>\n<meta name=\"robots\" content=\"index, follow, max-snippet:-1, max-image-preview:large, max-video-preview:-1\" \/>\n<link rel=\"canonical\" href=\"https:\/\/www.mclouis.com\/francia\/2023\/02\/07\/salons-dete-et-portes-ouvertes-des-concessionnaires-en-france\/\" \/>\n<meta property=\"og:locale\" content=\"fr_FR\" \/>\n<meta property=\"og:type\" content=\"article\" \/>\n<meta property=\"og:title\" content=\"Salons d&#039;\u00e9t\u00e9 et Portes ouvertes des concessionnaires en France - McLouis FRANCIA\" \/>\n<meta property=\"og:description\" content=\"Salons d&rsquo;\u00e9t\u00e9 et Portes ouvertes des concessionnaires en Francehttps:\/\/webapi.sea-camper.com\/Immagine\/54037\/MENF+3-16.jpg\" \/>\n<meta property=\"og:url\" content=\"https:\/\/www.mclouis.com\/francia\/2023\/02\/07\/salons-dete-et-portes-ouvertes-des-concessionnaires-en-france\/\" \/>\n<meta property=\"og:site_name\" content=\"McLouis FRANCIA\" \/>\n<meta property=\"article:published_time\" content=\"2023-02-07T16:35:40+00:00\" \/>\n<meta property=\"article:modified_time\" content=\"2024-10-11T12:51:15+00:00\" \/>\n<meta property=\"og:image\" content=\"https:\/\/www.mclouis.com\/francia\/wp-content\/uploads\/sites\/3\/2024\/05\/MENF-3-16_c1800x900.jpg\" \/>\n\t<meta property=\"og:image:width\" content=\"1800\" \/>\n\t<meta property=\"og:image:height\" content=\"900\" \/>\n\t<meta property=\"og:image:type\" content=\"image\/jpeg\" \/>\n<meta name=\"author\" content=\"admin@24\" \/>\n<meta name=\"twitter:card\" content=\"summary_large_image\" \/>\n<meta name=\"twitter:label1\" content=\"\u00c9crit par\" \/>\n\t<meta name=\"twitter:data1\" content=\"admin@24\" \/>\n\t<meta name=\"twitter:label2\" content=\"Dur\u00e9e de lecture estim\u00e9e\" \/>\n\t<meta name=\"twitter:data2\" content=\"1 minute\" \/>\n<script type=\"application\/ld+json\" class=\"yoast-schema-graph\">{\"@context\":\"https:\/\/schema.org\",\"@graph\":[{\"@type\":\"Article\",\"@id\":\"https:\/\/www.mclouis.com\/francia\/2023\/02\/07\/salons-dete-et-portes-ouvertes-des-concessionnaires-en-france\/#article\",\"isPartOf\":{\"@id\":\"https:\/\/www.mclouis.com\/francia\/2023\/02\/07\/salons-dete-et-portes-ouvertes-des-concessionnaires-en-france\/\"},\"author\":{\"name\":\"admin@24\",\"@id\":\"https:\/\/www.mclouis.com\/francia\/#\/schema\/person\/7d34afacc6757eea5ee21cdeceecf1ce\"},\"headline\":\"Salons d&rsquo;\u00e9t\u00e9 et Portes ouvertes des concessionnaires en France\",\"datePublished\":\"2023-02-07T16:35:40+00:00\",\"dateModified\":\"2024-10-11T12:51:15+00:00\",\"mainEntityOfPage\":{\"@id\":\"https:\/\/www.mclouis.com\/francia\/2023\/02\/07\/salons-dete-et-portes-ouvertes-des-concessionnaires-en-france\/\"},\"wordCount\":27,\"image\":{\"@id\":\"https:\/\/www.mclouis.com\/francia\/2023\/02\/07\/salons-dete-et-portes-ouvertes-des-concessionnaires-en-france\/#primaryimage\"},\"thumbnailUrl\":\"https:\/\/www.mclouis.com\/francia\/wp-content\/uploads\/sites\/3\/2024\/05\/MENF-3-16_c1800x900.jpg\",\"keywords\":[\"salon\"],\"inLanguage\":\"fr-FR\"},{\"@type\":\"WebPage\",\"@id\":\"https:\/\/www.mclouis.com\/francia\/2023\/02\/07\/salons-dete-et-portes-ouvertes-des-concessionnaires-en-france\/\",\"url\":\"https:\/\/www.mclouis.com\/francia\/2023\/02\/07\/salons-dete-et-portes-ouvertes-des-concessionnaires-en-france\/\",\"name\":\"Salons d'\u00e9t\u00e9 et Portes ouvertes des concessionnaires en France - McLouis FRANCIA\",\"isPartOf\":{\"@id\":\"https:\/\/www.mclouis.com\/francia\/#website\"},\"primaryImageOfPage\":{\"@id\":\"https:\/\/www.mclouis.com\/francia\/2023\/02\/07\/salons-dete-et-portes-ouvertes-des-concessionnaires-en-france\/#primaryimage\"},\"image\":{\"@id\":\"https:\/\/www.mclouis.com\/francia\/2023\/02\/07\/salons-dete-et-portes-ouvertes-des-concessionnaires-en-france\/#primaryimage\"},\"thumbnailUrl\":\"https:\/\/www.mclouis.com\/francia\/wp-content\/uploads\/sites\/3\/2024\/05\/MENF-3-16_c1800x900.jpg\",\"datePublished\":\"2023-02-07T16:35:40+00:00\",\"dateModified\":\"2024-10-11T12:51:15+00:00\",\"author\":{\"@id\":\"https:\/\/www.mclouis.com\/francia\/#\/schema\/person\/7d34afacc6757eea5ee21cdeceecf1ce\"},\"breadcrumb\":{\"@id\":\"https:\/\/www.mclouis.com\/francia\/2023\/02\/07\/salons-dete-et-portes-ouvertes-des-concessionnaires-en-france\/#breadcrumb\"},\"inLanguage\":\"fr-FR\",\"potentialAction\":[{\"@type\":\"ReadAction\",\"target\":[\"https:\/\/www.mclouis.com\/francia\/2023\/02\/07\/salons-dete-et-portes-ouvertes-des-concessionnaires-en-france\/\"]}]},{\"@type\":\"ImageObject\",\"inLanguage\":\"fr-FR\",\"@id\":\"https:\/\/www.mclouis.com\/francia\/2023\/02\/07\/salons-dete-et-portes-ouvertes-des-concessionnaires-en-france\/#primaryimage\",\"url\":\"https:\/\/www.mclouis.com\/francia\/wp-content\/uploads\/sites\/3\/2024\/05\/MENF-3-16_c1800x900.jpg\",\"contentUrl\":\"https:\/\/www.mclouis.com\/francia\/wp-content\/uploads\/sites\/3\/2024\/05\/MENF-3-16_c1800x900.jpg\",\"width\":1800,\"height\":900},{\"@type\":\"BreadcrumbList\",\"@id\":\"https:\/\/www.mclouis.com\/francia\/2023\/02\/07\/salons-dete-et-portes-ouvertes-des-concessionnaires-en-france\/#breadcrumb\",\"itemListElement\":[{\"@type\":\"ListItem\",\"position\":1,\"name\":\"Home\",\"item\":\"https:\/\/www.mclouis.com\/francia\/\"},{\"@type\":\"ListItem\",\"position\":2,\"name\":\"Salons d&#8217;\u00e9t\u00e9 et Portes ouvertes des concessionnaires en France\"}]},{\"@type\":\"WebSite\",\"@id\":\"https:\/\/www.mclouis.com\/francia\/#website\",\"url\":\"https:\/\/www.mclouis.com\/francia\/\",\"name\":\"McLouis FRANCIA\",\"description\":\"\",\"potentialAction\":[{\"@type\":\"SearchAction\",\"target\":{\"@type\":\"EntryPoint\",\"urlTemplate\":\"https:\/\/www.mclouis.com\/francia\/?s={search_term_string}\"},\"query-input\":{\"@type\":\"PropertyValueSpecification\",\"valueRequired\":true,\"valueName\":\"search_term_string\"}}],\"inLanguage\":\"fr-FR\"},{\"@type\":\"Person\",\"@id\":\"https:\/\/www.mclouis.com\/francia\/#\/schema\/person\/7d34afacc6757eea5ee21cdeceecf1ce\",\"name\":\"admin@24\",\"image\":{\"@type\":\"ImageObject\",\"inLanguage\":\"fr-FR\",\"@id\":\"https:\/\/secure.gravatar.com\/avatar\/09d99c968f27c9aa44cd11a7d098b225a60cece872b0be711ffebb1014b531cf?s=96&d=mm&r=g\",\"url\":\"https:\/\/secure.gravatar.com\/avatar\/09d99c968f27c9aa44cd11a7d098b225a60cece872b0be711ffebb1014b531cf?s=96&d=mm&r=g\",\"contentUrl\":\"https:\/\/secure.gravatar.com\/avatar\/09d99c968f27c9aa44cd11a7d098b225a60cece872b0be711ffebb1014b531cf?s=96&d=mm&r=g\",\"caption\":\"admin@24\"},\"sameAs\":[\"https:\/\/www.mclouis.com\"],\"url\":\"https:\/\/www.mclouis.com\/francia\/author\/admin24\/\"}]}<\/script>\n<!-- \/ Yoast SEO plugin. -->","yoast_head_json":{"title":"Salons d'\u00e9t\u00e9 et Portes ouvertes des concessionnaires en France - McLouis FRANCIA","robots":{"index":"index","follow":"follow","max-snippet":"max-snippet:-1","max-image-preview":"max-image-preview:large","max-video-preview":"max-video-preview:-1"},"canonical":"https:\/\/www.mclouis.com\/francia\/2023\/02\/07\/salons-dete-et-portes-ouvertes-des-concessionnaires-en-france\/","og_locale":"fr_FR","og_type":"article","og_title":"Salons d'\u00e9t\u00e9 et Portes ouvertes des concessionnaires en France - McLouis FRANCIA","og_description":"Salons d&rsquo;\u00e9t\u00e9 et Portes ouvertes des concessionnaires en Francehttps:\/\/webapi.sea-camper.com\/Immagine\/54037\/MENF+3-16.jpg","og_url":"https:\/\/www.mclouis.com\/francia\/2023\/02\/07\/salons-dete-et-portes-ouvertes-des-concessionnaires-en-france\/","og_site_name":"McLouis FRANCIA","article_published_time":"2023-02-07T16:35:40+00:00","article_modified_time":"2024-10-11T12:51:15+00:00","og_image":[{"width":1800,"height":900,"url":"https:\/\/www.mclouis.com\/francia\/wp-content\/uploads\/sites\/3\/2024\/05\/MENF-3-16_c1800x900.jpg","type":"image\/jpeg"}],"author":"admin@24","twitter_card":"summary_large_image","twitter_misc":{"\u00c9crit par":"admin@24","Dur\u00e9e de lecture estim\u00e9e":"1 minute"},"schema":{"@context":"https:\/\/schema.org","@graph":[{"@type":"Article","@id":"https:\/\/www.mclouis.com\/francia\/2023\/02\/07\/salons-dete-et-portes-ouvertes-des-concessionnaires-en-france\/#article","isPartOf":{"@id":"https:\/\/www.mclouis.com\/francia\/2023\/02\/07\/salons-dete-et-portes-ouvertes-des-concessionnaires-en-france\/"},"author":{"name":"admin@24","@id":"https:\/\/www.mclouis.com\/francia\/#\/schema\/person\/7d34afacc6757eea5ee21cdeceecf1ce"},"headline":"Salons d&rsquo;\u00e9t\u00e9 et Portes ouvertes des concessionnaires en France","datePublished":"2023-02-07T16:35:40+00:00","dateModified":"2024-10-11T12:51:15+00:00","mainEntityOfPage":{"@id":"https:\/\/www.mclouis.com\/francia\/2023\/02\/07\/salons-dete-et-portes-ouvertes-des-concessionnaires-en-france\/"},"wordCount":27,"image":{"@id":"https:\/\/www.mclouis.com\/francia\/2023\/02\/07\/salons-dete-et-portes-ouvertes-des-concessionnaires-en-france\/#primaryimage"},"thumbnailUrl":"https:\/\/www.mclouis.com\/francia\/wp-content\/uploads\/sites\/3\/2024\/05\/MENF-3-16_c1800x900.jpg","keywords":["salon"],"inLanguage":"fr-FR"},{"@type":"WebPage","@id":"https:\/\/www.mclouis.com\/francia\/2023\/02\/07\/salons-dete-et-portes-ouvertes-des-concessionnaires-en-france\/","url":"https:\/\/www.mclouis.com\/francia\/2023\/02\/07\/salons-dete-et-portes-ouvertes-des-concessionnaires-en-france\/","name":"Salons d'\u00e9t\u00e9 et Portes ouvertes des concessionnaires en France - McLouis FRANCIA","isPartOf":{"@id":"https:\/\/www.mclouis.com\/francia\/#website"},"primaryImageOfPage":{"@id":"https:\/\/www.mclouis.com\/francia\/2023\/02\/07\/salons-dete-et-portes-ouvertes-des-concessionnaires-en-france\/#primaryimage"},"image":{"@id":"https:\/\/www.mclouis.com\/francia\/2023\/02\/07\/salons-dete-et-portes-ouvertes-des-concessionnaires-en-france\/#primaryimage"},"thumbnailUrl":"https:\/\/www.mclouis.com\/francia\/wp-content\/uploads\/sites\/3\/2024\/05\/MENF-3-16_c1800x900.jpg","datePublished":"2023-02-07T16:35:40+00:00","dateModified":"2024-10-11T12:51:15+00:00","author":{"@id":"https:\/\/www.mclouis.com\/francia\/#\/schema\/person\/7d34afacc6757eea5ee21cdeceecf1ce"},"breadcrumb":{"@id":"https:\/\/www.mclouis.com\/francia\/2023\/02\/07\/salons-dete-et-portes-ouvertes-des-concessionnaires-en-france\/#breadcrumb"},"inLanguage":"fr-FR","potentialAction":[{"@type":"ReadAction","target":["https:\/\/www.mclouis.com\/francia\/2023\/02\/07\/salons-dete-et-portes-ouvertes-des-concessionnaires-en-france\/"]}]},{"@type":"ImageObject","inLanguage":"fr-FR","@id":"https:\/\/www.mclouis.com\/francia\/2023\/02\/07\/salons-dete-et-portes-ouvertes-des-concessionnaires-en-france\/#primaryimage","url":"https:\/\/www.mclouis.com\/francia\/wp-content\/uploads\/sites\/3\/2024\/05\/MENF-3-16_c1800x900.jpg","contentUrl":"https:\/\/www.mclouis.com\/francia\/wp-content\/uploads\/sites\/3\/2024\/05\/MENF-3-16_c1800x900.jpg","width":1800,"height":900},{"@type":"BreadcrumbList","@id":"https:\/\/www.mclouis.com\/francia\/2023\/02\/07\/salons-dete-et-portes-ouvertes-des-concessionnaires-en-france\/#breadcrumb","itemListElement":[{"@type":"ListItem","position":1,"name":"Home","item":"https:\/\/www.mclouis.com\/francia\/"},{"@type":"ListItem","position":2,"name":"Salons d&#8217;\u00e9t\u00e9 et Portes ouvertes des concessionnaires en France"}]},{"@type":"WebSite","@id":"https:\/\/www.mclouis.com\/francia\/#website","url":"https:\/\/www.mclouis.com\/francia\/","name":"McLouis FRANCIA","description":"","potentialAction":[{"@type":"SearchAction","target":{"@type":"EntryPoint","urlTemplate":"https:\/\/www.mclouis.com\/francia\/?s={search_term_string}"},"query-input":{"@type":"PropertyValueSpecification","valueRequired":true,"valueName":"search_term_string"}}],"inLanguage":"fr-FR"},{"@type":"Person","@id":"https:\/\/www.mclouis.com\/francia\/#\/schema\/person\/7d34afacc6757eea5ee21cdeceecf1ce","name":"admin@24","image":{"@type":"ImageObject","inLanguage":"fr-FR","@id":"https:\/\/secure.gravatar.com\/avatar\/09d99c968f27c9aa44cd11a7d098b225a60cece872b0be711ffebb1014b531cf?s=96&d=mm&r=g","url":"https:\/\/secure.gravatar.com\/avatar\/09d99c968f27c9aa44cd11a7d098b225a60cece872b0be711ffebb1014b531cf?s=96&d=mm&r=g","contentUrl":"https:\/\/secure.gravatar.com\/avatar\/09d99c968f27c9aa44cd11a7d098b225a60cece872b0be711ffebb1014b531cf?s=96&d=mm&r=g","caption":"admin@24"},"sameAs":["https:\/\/www.mclouis.com"],"url":"https:\/\/www.mclouis.com\/francia\/author\/admin24\/"}]}},"_links":{"self":[{"href":"https:\/\/www.mclouis.com\/francia\/wp-json\/wp\/v2\/posts\/442","targetHints":{"allow":["GET"]}}],"collection":[{"href":"https:\/\/www.mclouis.com\/francia\/wp-json\/wp\/v2\/posts"}],"about":[{"href":"https:\/\/www.mclouis.com\/francia\/wp-json\/wp\/v2\/types\/post"}],"author":[{"embeddable":true,"href":"https:\/\/www.mclouis.com\/francia\/wp-json\/wp\/v2\/users\/1"}],"replies":[{"embeddable":true,"href":"https:\/\/www.mclouis.com\/francia\/wp-json\/wp\/v2\/comments?post=442"}],"version-history":[{"count":1,"href":"https:\/\/www.mclouis.com\/francia\/wp-json\/wp\/v2\/posts\/442\/revisions"}],"predecessor-version":[{"id":4167,"href":"https:\/\/www.mclouis.com\/francia\/wp-json\/wp\/v2\/posts\/442\/revisions\/4167"}],"wp:featuredmedia":[{"embeddable":true,"href":"https:\/\/www.mclouis.com\/francia\/wp-json\/wp\/v2\/media\/4166"}],"wp:attachment":[{"href":"https:\/\/www.mclouis.com\/francia\/wp-json\/wp\/v2\/media?parent=442"}],"wp:term":[{"taxonomy":"post_tag","embeddable":true,"href":"https:\/\/www.mclouis.com\/francia\/wp-json\/wp\/v2\/tags?post=442"}],"curies":[{"name":"wp","href":"https:\/\/api.w.org\/{rel}","templated":true}]}}