{"id":5426,"date":"2025-02-25T09:42:06","date_gmt":"2025-02-25T08:42:06","guid":{"rendered":"https:\/\/www.mclouis.com\/francia\/?p=5426"},"modified":"2025-04-02T09:23:28","modified_gmt":"2025-04-02T07:23:28","slug":"viva-camping-car-a-biarritz-levenement-incontournable-du-pays-basque-qui-annoce-larrivee-des-beaux-jours","status":"publish","type":"post","link":"https:\/\/www.mclouis.com\/francia\/2025\/02\/25\/viva-camping-car-a-biarritz-levenement-incontournable-du-pays-basque-qui-annoce-larrivee-des-beaux-jours\/","title":{"rendered":"Viva Camping-Car \u00e0 Biarritz : l\u2019\u00e9v\u00e9nement incontournable du Pays Basque qui annoce l\u2019arriv\u00e9e des beaux jours !"},"content":{"rendered":"<p>\ud83d\udcc5 <strong>Du 6 au 9 mars 2025<\/strong><br \/>\n\ud83d\udccd <strong>Parc des Expositions de Biarritz \u2013 La Halle d\u2019Iraty<\/strong><\/p>\n<p><strong>Viva Camping-Car<\/strong> est de retour, un rendez-vous annuel immanquable pour tous les passionn\u00e9s de voyages en camping-car et d\u2019aventure en libert\u00e9. Ce salon de grande envergure se tiendra <strong>du 6 au 9 mars 2025<\/strong> \u00e0 Biarritz et r\u00e9unira plus de 250 v\u00e9hicules, neufs et d\u2019occasion, dans une ambiance chaleureuse et conviviale.<\/p>\n<p><strong>Venez d\u00e9couvrir McLouis \u00e0 l\u2019occasion de ce grand \u00e9v\u00e9nement<\/strong><\/p>\n<p>Toutes les <strong>nouveaut\u00e9s 2025<\/strong> seront expos\u00e9es et pr\u00e9sent\u00e9es par une \u00e9quipe de professionnels, pr\u00eate \u00e0 vous fournir toutes les informations n\u00e9cessaires.<\/p>\n<p>D\u00e9couvrez la gamme des nouveaux profil\u00e9s compacts <a href=\"https:\/\/www.mclouis.com\/francia\/gamma\/serie-300-slim\/\"><strong>S\u00e9rie 300 Slim<\/strong><\/a> et l\u2019ensemble des camping-cars McLouis <a href=\"https:\/\/www.mclouis.com\/francia\/gamma\/serie-300\/\"><strong>S\u00e9rie 300<\/strong><\/a> et <a href=\"https:\/\/www.mclouis.com\/francia\/gamma\/serie-800\/\"><strong>S\u00e9rie 800<\/strong><\/a>, ainsi que la gamme des fourgons <a href=\"https:\/\/www.mclouis.com\/francia\/gamma\/menfys-s-line\/\"><strong>Menfys S-line<\/strong><\/a> et le mod\u00e8le exclusif <a href=\"https:\/\/www.mclouis.com\/francia\/tipologia\/fourgon\/menfys-3-signature\/\"><strong>Menfys 3 Signature<\/strong><\/a>.<\/p>\n<p>&nbsp;<\/p>\n<p><strong>Au programme de cette \u00e9dition 2025 :<\/strong><\/p>\n<ul>\n<li><strong>Les nouveaut\u00e9s du march\u00e9<\/strong> : D\u00e9couvrez les derni\u00e8res tendances et mod\u00e8les de camping-cars.<\/li>\n<li><strong>Des occasions pour tous les budgets<\/strong> : Une s\u00e9lection de v\u00e9hicules d\u2019occasion \u00e0 des prix attractifs.<\/li>\n<li><strong>Offre exclusive<\/strong> : Profitez de <strong>deux ans d\u2019assistance Libertium<\/strong> offerts pour chaque achat de camping-car.<\/li>\n<li><strong>Services innovants<\/strong> : Explorez des solutions de location entre particuliers avec Hapee pour rentabiliser votre v\u00e9hicule.<\/li>\n<li><strong>Conseils d\u2019experts<\/strong> : Des professionnels du secteur seront pr\u00e9sents pour vous guider et r\u00e9pondre \u00e0 toutes vos questions.<\/li>\n<li><strong>Une exp\u00e9rience familiale<\/strong> : Un \u00e9v\u00e9nement accessible \u00e0 tous, d\u00e9di\u00e9 \u00e0 l\u2019\u00e9vasion et \u00e0 la libert\u00e9.<\/li>\n<\/ul>\n<p><strong>Des offres exceptionnelles :<\/strong><\/p>\n<ul>\n<li><strong>Financements sur mesure<\/strong> : Profitez de solutions de financement adapt\u00e9es, <strong>jusqu\u2019\u00e0 156 mois<\/strong>.<\/li>\n<\/ul>\n<p><strong>Informations pratiques :<\/strong><\/p>\n<p>\u23f0 <strong>Horaires<\/strong> : De 10h \u00e0 19h, tous les jours<br \/>\n\ud83c\udf9f <strong>Entr\u00e9e gratuite<\/strong><\/p>\n<p>&nbsp;<\/p>\n<p><strong>Viva Camping-Car<\/strong> est l\u2019\u00e9v\u00e9nement \u00e0 ne pas manquer pour tous ceux qui r\u00eavent de libert\u00e9 et de voyages. Venez d\u00e9couvrir le plus grand choix de camping-cars, fourgons et vans am\u00e9nag\u00e9s <strong>du 6 au 9 mars 2025, au Parc des Expositions de Biarritz \u2013 La Halle d\u2019Iraty<\/strong>. Nous vous attendons nombreux !<\/p>\n<p><strong>Rendez-vous \u00e0 Biarritz pour une exp\u00e9rience inoubliable !<\/strong><\/p>\n<p>&nbsp;<\/p>\n","protected":false},"excerpt":{"rendered":"<p>\ud83d\udcc5 Du 6 au 9 mars 2025 \ud83d\udccd Parc des Expositions de Biarritz \u2013 La Halle d\u2019Iraty Viva Camping-Car est de retour, un rendez-vous annuel immanquable pour tous les passionn\u00e9s de voyages en camping-car et d\u2019aventure en libert\u00e9. Ce salon de grande envergure se tiendra du 6 au 9 mars 2025 \u00e0 Biarritz et r\u00e9unira &hellip; <a href=\"https:\/\/www.mclouis.com\/francia\/2025\/02\/25\/viva-camping-car-a-biarritz-levenement-incontournable-du-pays-basque-qui-annoce-larrivee-des-beaux-jours\/\">Continued<\/a><\/p>\n","protected":false},"author":5,"featured_media":5562,"comment_status":"closed","ping_status":"closed","sticky":false,"template":"","format":"standard","meta":{"_acf_changed":false,"inline_featured_image":false,"footnotes":""},"tags":[],"class_list":["post-5426","post","type-post","status-publish","format-standard","has-post-thumbnail","hentry"],"acf":[],"yoast_head":"<!-- This site is optimized with the Yoast SEO plugin v27.2 - https:\/\/yoast.com\/product\/yoast-seo-wordpress\/ -->\n<title>Viva Camping-Car \u00e0 Biarritz : l\u2019\u00e9v\u00e9nement incontournable du Pays Basque qui annoce l\u2019arriv\u00e9e des beaux jours ! - McLouis FRANCIA<\/title>\n<meta name=\"robots\" content=\"index, follow, max-snippet:-1, max-image-preview:large, max-video-preview:-1\" \/>\n<link rel=\"canonical\" href=\"https:\/\/www.mclouis.com\/francia\/2025\/02\/25\/viva-camping-car-a-biarritz-levenement-incontournable-du-pays-basque-qui-annoce-larrivee-des-beaux-jours\/\" \/>\n<meta property=\"og:locale\" content=\"fr_FR\" \/>\n<meta property=\"og:type\" content=\"article\" \/>\n<meta property=\"og:title\" content=\"Viva Camping-Car \u00e0 Biarritz : l\u2019\u00e9v\u00e9nement incontournable du Pays Basque qui annoce l\u2019arriv\u00e9e des beaux jours ! - McLouis FRANCIA\" \/>\n<meta property=\"og:description\" content=\"\ud83d\udcc5 Du 6 au 9 mars 2025 \ud83d\udccd Parc des Expositions de Biarritz \u2013 La Halle d\u2019Iraty Viva Camping-Car est de retour, un rendez-vous annuel immanquable pour tous les passionn\u00e9s de voyages en camping-car et d\u2019aventure en libert\u00e9. Ce salon de grande envergure se tiendra du 6 au 9 mars 2025 \u00e0 Biarritz et r\u00e9unira &hellip; Continued\" \/>\n<meta property=\"og:url\" content=\"https:\/\/www.mclouis.com\/francia\/2025\/02\/25\/viva-camping-car-a-biarritz-levenement-incontournable-du-pays-basque-qui-annoce-larrivee-des-beaux-jours\/\" \/>\n<meta property=\"og:site_name\" content=\"McLouis FRANCIA\" \/>\n<meta property=\"article:published_time\" content=\"2025-02-25T08:42:06+00:00\" \/>\n<meta property=\"article:modified_time\" content=\"2025-04-02T07:23:28+00:00\" \/>\n<meta property=\"og:image\" content=\"https:\/\/www.mclouis.com\/francia\/wp-content\/uploads\/sites\/3\/2025\/02\/Viva-Camping-Car-McLouis-banner-sito-.jpg\" \/>\n\t<meta property=\"og:image:width\" content=\"1200\" \/>\n\t<meta property=\"og:image:height\" content=\"700\" \/>\n\t<meta property=\"og:image:type\" content=\"image\/jpeg\" \/>\n<meta name=\"author\" content=\"mpacini\" \/>\n<meta name=\"twitter:card\" content=\"summary_large_image\" \/>\n<meta name=\"twitter:label1\" content=\"\u00c9crit par\" \/>\n\t<meta name=\"twitter:data1\" content=\"mpacini\" \/>\n\t<meta name=\"twitter:label2\" content=\"Dur\u00e9e de lecture estim\u00e9e\" \/>\n\t<meta name=\"twitter:data2\" content=\"2 minutes\" \/>\n<script type=\"application\/ld+json\" class=\"yoast-schema-graph\">{\"@context\":\"https:\/\/schema.org\",\"@graph\":[{\"@type\":\"Article\",\"@id\":\"https:\/\/www.mclouis.com\/francia\/2025\/02\/25\/viva-camping-car-a-biarritz-levenement-incontournable-du-pays-basque-qui-annoce-larrivee-des-beaux-jours\/#article\",\"isPartOf\":{\"@id\":\"https:\/\/www.mclouis.com\/francia\/2025\/02\/25\/viva-camping-car-a-biarritz-levenement-incontournable-du-pays-basque-qui-annoce-larrivee-des-beaux-jours\/\"},\"author\":{\"name\":\"mpacini\",\"@id\":\"https:\/\/www.mclouis.com\/francia\/#\/schema\/person\/493572f118dd2aa649a77c7a109228ae\"},\"headline\":\"Viva Camping-Car \u00e0 Biarritz : l\u2019\u00e9v\u00e9nement incontournable du Pays Basque qui annoce l\u2019arriv\u00e9e des beaux jours !\",\"datePublished\":\"2025-02-25T08:42:06+00:00\",\"dateModified\":\"2025-04-02T07:23:28+00:00\",\"mainEntityOfPage\":{\"@id\":\"https:\/\/www.mclouis.com\/francia\/2025\/02\/25\/viva-camping-car-a-biarritz-levenement-incontournable-du-pays-basque-qui-annoce-larrivee-des-beaux-jours\/\"},\"wordCount\":348,\"image\":{\"@id\":\"https:\/\/www.mclouis.com\/francia\/2025\/02\/25\/viva-camping-car-a-biarritz-levenement-incontournable-du-pays-basque-qui-annoce-larrivee-des-beaux-jours\/#primaryimage\"},\"thumbnailUrl\":\"https:\/\/www.mclouis.com\/francia\/wp-content\/uploads\/sites\/3\/2025\/02\/Viva-Camping-Car-McLouis-banner-sito-.jpg\",\"inLanguage\":\"fr-FR\"},{\"@type\":\"WebPage\",\"@id\":\"https:\/\/www.mclouis.com\/francia\/2025\/02\/25\/viva-camping-car-a-biarritz-levenement-incontournable-du-pays-basque-qui-annoce-larrivee-des-beaux-jours\/\",\"url\":\"https:\/\/www.mclouis.com\/francia\/2025\/02\/25\/viva-camping-car-a-biarritz-levenement-incontournable-du-pays-basque-qui-annoce-larrivee-des-beaux-jours\/\",\"name\":\"Viva Camping-Car \u00e0 Biarritz : l\u2019\u00e9v\u00e9nement incontournable du Pays Basque qui annoce l\u2019arriv\u00e9e des beaux jours ! - McLouis FRANCIA\",\"isPartOf\":{\"@id\":\"https:\/\/www.mclouis.com\/francia\/#website\"},\"primaryImageOfPage\":{\"@id\":\"https:\/\/www.mclouis.com\/francia\/2025\/02\/25\/viva-camping-car-a-biarritz-levenement-incontournable-du-pays-basque-qui-annoce-larrivee-des-beaux-jours\/#primaryimage\"},\"image\":{\"@id\":\"https:\/\/www.mclouis.com\/francia\/2025\/02\/25\/viva-camping-car-a-biarritz-levenement-incontournable-du-pays-basque-qui-annoce-larrivee-des-beaux-jours\/#primaryimage\"},\"thumbnailUrl\":\"https:\/\/www.mclouis.com\/francia\/wp-content\/uploads\/sites\/3\/2025\/02\/Viva-Camping-Car-McLouis-banner-sito-.jpg\",\"datePublished\":\"2025-02-25T08:42:06+00:00\",\"dateModified\":\"2025-04-02T07:23:28+00:00\",\"author\":{\"@id\":\"https:\/\/www.mclouis.com\/francia\/#\/schema\/person\/493572f118dd2aa649a77c7a109228ae\"},\"breadcrumb\":{\"@id\":\"https:\/\/www.mclouis.com\/francia\/2025\/02\/25\/viva-camping-car-a-biarritz-levenement-incontournable-du-pays-basque-qui-annoce-larrivee-des-beaux-jours\/#breadcrumb\"},\"inLanguage\":\"fr-FR\",\"potentialAction\":[{\"@type\":\"ReadAction\",\"target\":[\"https:\/\/www.mclouis.com\/francia\/2025\/02\/25\/viva-camping-car-a-biarritz-levenement-incontournable-du-pays-basque-qui-annoce-larrivee-des-beaux-jours\/\"]}]},{\"@type\":\"ImageObject\",\"inLanguage\":\"fr-FR\",\"@id\":\"https:\/\/www.mclouis.com\/francia\/2025\/02\/25\/viva-camping-car-a-biarritz-levenement-incontournable-du-pays-basque-qui-annoce-larrivee-des-beaux-jours\/#primaryimage\",\"url\":\"https:\/\/www.mclouis.com\/francia\/wp-content\/uploads\/sites\/3\/2025\/02\/Viva-Camping-Car-McLouis-banner-sito-.jpg\",\"contentUrl\":\"https:\/\/www.mclouis.com\/francia\/wp-content\/uploads\/sites\/3\/2025\/02\/Viva-Camping-Car-McLouis-banner-sito-.jpg\",\"width\":1200,\"height\":700},{\"@type\":\"BreadcrumbList\",\"@id\":\"https:\/\/www.mclouis.com\/francia\/2025\/02\/25\/viva-camping-car-a-biarritz-levenement-incontournable-du-pays-basque-qui-annoce-larrivee-des-beaux-jours\/#breadcrumb\",\"itemListElement\":[{\"@type\":\"ListItem\",\"position\":1,\"name\":\"Home\",\"item\":\"https:\/\/www.mclouis.com\/francia\/\"},{\"@type\":\"ListItem\",\"position\":2,\"name\":\"Viva Camping-Car \u00e0 Biarritz : l\u2019\u00e9v\u00e9nement incontournable du Pays Basque qui annoce l\u2019arriv\u00e9e des beaux jours !\"}]},{\"@type\":\"WebSite\",\"@id\":\"https:\/\/www.mclouis.com\/francia\/#website\",\"url\":\"https:\/\/www.mclouis.com\/francia\/\",\"name\":\"McLouis FRANCIA\",\"description\":\"\",\"potentialAction\":[{\"@type\":\"SearchAction\",\"target\":{\"@type\":\"EntryPoint\",\"urlTemplate\":\"https:\/\/www.mclouis.com\/francia\/?s={search_term_string}\"},\"query-input\":{\"@type\":\"PropertyValueSpecification\",\"valueRequired\":true,\"valueName\":\"search_term_string\"}}],\"inLanguage\":\"fr-FR\"},{\"@type\":\"Person\",\"@id\":\"https:\/\/www.mclouis.com\/francia\/#\/schema\/person\/493572f118dd2aa649a77c7a109228ae\",\"name\":\"mpacini\",\"image\":{\"@type\":\"ImageObject\",\"inLanguage\":\"fr-FR\",\"@id\":\"https:\/\/secure.gravatar.com\/avatar\/15d4a78b84a118a02bcf466cbda61f26e8baf76ca0e78ba3ac1630d0cf5b9645?s=96&d=mm&r=g\",\"url\":\"https:\/\/secure.gravatar.com\/avatar\/15d4a78b84a118a02bcf466cbda61f26e8baf76ca0e78ba3ac1630d0cf5b9645?s=96&d=mm&r=g\",\"contentUrl\":\"https:\/\/secure.gravatar.com\/avatar\/15d4a78b84a118a02bcf466cbda61f26e8baf76ca0e78ba3ac1630d0cf5b9645?s=96&d=mm&r=g\",\"caption\":\"mpacini\"},\"url\":\"https:\/\/www.mclouis.com\/francia\/author\/mpacini\/\"}]}<\/script>\n<!-- \/ Yoast SEO plugin. -->","yoast_head_json":{"title":"Viva Camping-Car \u00e0 Biarritz : l\u2019\u00e9v\u00e9nement incontournable du Pays Basque qui annoce l\u2019arriv\u00e9e des beaux jours ! - McLouis FRANCIA","robots":{"index":"index","follow":"follow","max-snippet":"max-snippet:-1","max-image-preview":"max-image-preview:large","max-video-preview":"max-video-preview:-1"},"canonical":"https:\/\/www.mclouis.com\/francia\/2025\/02\/25\/viva-camping-car-a-biarritz-levenement-incontournable-du-pays-basque-qui-annoce-larrivee-des-beaux-jours\/","og_locale":"fr_FR","og_type":"article","og_title":"Viva Camping-Car \u00e0 Biarritz : l\u2019\u00e9v\u00e9nement incontournable du Pays Basque qui annoce l\u2019arriv\u00e9e des beaux jours ! - McLouis FRANCIA","og_description":"\ud83d\udcc5 Du 6 au 9 mars 2025 \ud83d\udccd Parc des Expositions de Biarritz \u2013 La Halle d\u2019Iraty Viva Camping-Car est de retour, un rendez-vous annuel immanquable pour tous les passionn\u00e9s de voyages en camping-car et d\u2019aventure en libert\u00e9. Ce salon de grande envergure se tiendra du 6 au 9 mars 2025 \u00e0 Biarritz et r\u00e9unira &hellip; Continued","og_url":"https:\/\/www.mclouis.com\/francia\/2025\/02\/25\/viva-camping-car-a-biarritz-levenement-incontournable-du-pays-basque-qui-annoce-larrivee-des-beaux-jours\/","og_site_name":"McLouis FRANCIA","article_published_time":"2025-02-25T08:42:06+00:00","article_modified_time":"2025-04-02T07:23:28+00:00","og_image":[{"width":1200,"height":700,"url":"https:\/\/www.mclouis.com\/francia\/wp-content\/uploads\/sites\/3\/2025\/02\/Viva-Camping-Car-McLouis-banner-sito-.jpg","type":"image\/jpeg"}],"author":"mpacini","twitter_card":"summary_large_image","twitter_misc":{"\u00c9crit par":"mpacini","Dur\u00e9e de lecture estim\u00e9e":"2 minutes"},"schema":{"@context":"https:\/\/schema.org","@graph":[{"@type":"Article","@id":"https:\/\/www.mclouis.com\/francia\/2025\/02\/25\/viva-camping-car-a-biarritz-levenement-incontournable-du-pays-basque-qui-annoce-larrivee-des-beaux-jours\/#article","isPartOf":{"@id":"https:\/\/www.mclouis.com\/francia\/2025\/02\/25\/viva-camping-car-a-biarritz-levenement-incontournable-du-pays-basque-qui-annoce-larrivee-des-beaux-jours\/"},"author":{"name":"mpacini","@id":"https:\/\/www.mclouis.com\/francia\/#\/schema\/person\/493572f118dd2aa649a77c7a109228ae"},"headline":"Viva Camping-Car \u00e0 Biarritz : l\u2019\u00e9v\u00e9nement incontournable du Pays Basque qui annoce l\u2019arriv\u00e9e des beaux jours !","datePublished":"2025-02-25T08:42:06+00:00","dateModified":"2025-04-02T07:23:28+00:00","mainEntityOfPage":{"@id":"https:\/\/www.mclouis.com\/francia\/2025\/02\/25\/viva-camping-car-a-biarritz-levenement-incontournable-du-pays-basque-qui-annoce-larrivee-des-beaux-jours\/"},"wordCount":348,"image":{"@id":"https:\/\/www.mclouis.com\/francia\/2025\/02\/25\/viva-camping-car-a-biarritz-levenement-incontournable-du-pays-basque-qui-annoce-larrivee-des-beaux-jours\/#primaryimage"},"thumbnailUrl":"https:\/\/www.mclouis.com\/francia\/wp-content\/uploads\/sites\/3\/2025\/02\/Viva-Camping-Car-McLouis-banner-sito-.jpg","inLanguage":"fr-FR"},{"@type":"WebPage","@id":"https:\/\/www.mclouis.com\/francia\/2025\/02\/25\/viva-camping-car-a-biarritz-levenement-incontournable-du-pays-basque-qui-annoce-larrivee-des-beaux-jours\/","url":"https:\/\/www.mclouis.com\/francia\/2025\/02\/25\/viva-camping-car-a-biarritz-levenement-incontournable-du-pays-basque-qui-annoce-larrivee-des-beaux-jours\/","name":"Viva Camping-Car \u00e0 Biarritz : l\u2019\u00e9v\u00e9nement incontournable du Pays Basque qui annoce l\u2019arriv\u00e9e des beaux jours ! - McLouis FRANCIA","isPartOf":{"@id":"https:\/\/www.mclouis.com\/francia\/#website"},"primaryImageOfPage":{"@id":"https:\/\/www.mclouis.com\/francia\/2025\/02\/25\/viva-camping-car-a-biarritz-levenement-incontournable-du-pays-basque-qui-annoce-larrivee-des-beaux-jours\/#primaryimage"},"image":{"@id":"https:\/\/www.mclouis.com\/francia\/2025\/02\/25\/viva-camping-car-a-biarritz-levenement-incontournable-du-pays-basque-qui-annoce-larrivee-des-beaux-jours\/#primaryimage"},"thumbnailUrl":"https:\/\/www.mclouis.com\/francia\/wp-content\/uploads\/sites\/3\/2025\/02\/Viva-Camping-Car-McLouis-banner-sito-.jpg","datePublished":"2025-02-25T08:42:06+00:00","dateModified":"2025-04-02T07:23:28+00:00","author":{"@id":"https:\/\/www.mclouis.com\/francia\/#\/schema\/person\/493572f118dd2aa649a77c7a109228ae"},"breadcrumb":{"@id":"https:\/\/www.mclouis.com\/francia\/2025\/02\/25\/viva-camping-car-a-biarritz-levenement-incontournable-du-pays-basque-qui-annoce-larrivee-des-beaux-jours\/#breadcrumb"},"inLanguage":"fr-FR","potentialAction":[{"@type":"ReadAction","target":["https:\/\/www.mclouis.com\/francia\/2025\/02\/25\/viva-camping-car-a-biarritz-levenement-incontournable-du-pays-basque-qui-annoce-larrivee-des-beaux-jours\/"]}]},{"@type":"ImageObject","inLanguage":"fr-FR","@id":"https:\/\/www.mclouis.com\/francia\/2025\/02\/25\/viva-camping-car-a-biarritz-levenement-incontournable-du-pays-basque-qui-annoce-larrivee-des-beaux-jours\/#primaryimage","url":"https:\/\/www.mclouis.com\/francia\/wp-content\/uploads\/sites\/3\/2025\/02\/Viva-Camping-Car-McLouis-banner-sito-.jpg","contentUrl":"https:\/\/www.mclouis.com\/francia\/wp-content\/uploads\/sites\/3\/2025\/02\/Viva-Camping-Car-McLouis-banner-sito-.jpg","width":1200,"height":700},{"@type":"BreadcrumbList","@id":"https:\/\/www.mclouis.com\/francia\/2025\/02\/25\/viva-camping-car-a-biarritz-levenement-incontournable-du-pays-basque-qui-annoce-larrivee-des-beaux-jours\/#breadcrumb","itemListElement":[{"@type":"ListItem","position":1,"name":"Home","item":"https:\/\/www.mclouis.com\/francia\/"},{"@type":"ListItem","position":2,"name":"Viva Camping-Car \u00e0 Biarritz : l\u2019\u00e9v\u00e9nement incontournable du Pays Basque qui annoce l\u2019arriv\u00e9e des beaux jours !"}]},{"@type":"WebSite","@id":"https:\/\/www.mclouis.com\/francia\/#website","url":"https:\/\/www.mclouis.com\/francia\/","name":"McLouis FRANCIA","description":"","potentialAction":[{"@type":"SearchAction","target":{"@type":"EntryPoint","urlTemplate":"https:\/\/www.mclouis.com\/francia\/?s={search_term_string}"},"query-input":{"@type":"PropertyValueSpecification","valueRequired":true,"valueName":"search_term_string"}}],"inLanguage":"fr-FR"},{"@type":"Person","@id":"https:\/\/www.mclouis.com\/francia\/#\/schema\/person\/493572f118dd2aa649a77c7a109228ae","name":"mpacini","image":{"@type":"ImageObject","inLanguage":"fr-FR","@id":"https:\/\/secure.gravatar.com\/avatar\/15d4a78b84a118a02bcf466cbda61f26e8baf76ca0e78ba3ac1630d0cf5b9645?s=96&d=mm&r=g","url":"https:\/\/secure.gravatar.com\/avatar\/15d4a78b84a118a02bcf466cbda61f26e8baf76ca0e78ba3ac1630d0cf5b9645?s=96&d=mm&r=g","contentUrl":"https:\/\/secure.gravatar.com\/avatar\/15d4a78b84a118a02bcf466cbda61f26e8baf76ca0e78ba3ac1630d0cf5b9645?s=96&d=mm&r=g","caption":"mpacini"},"url":"https:\/\/www.mclouis.com\/francia\/author\/mpacini\/"}]}},"_links":{"self":[{"href":"https:\/\/www.mclouis.com\/francia\/wp-json\/wp\/v2\/posts\/5426","targetHints":{"allow":["GET"]}}],"collection":[{"href":"https:\/\/www.mclouis.com\/francia\/wp-json\/wp\/v2\/posts"}],"about":[{"href":"https:\/\/www.mclouis.com\/francia\/wp-json\/wp\/v2\/types\/post"}],"author":[{"embeddable":true,"href":"https:\/\/www.mclouis.com\/francia\/wp-json\/wp\/v2\/users\/5"}],"replies":[{"embeddable":true,"href":"https:\/\/www.mclouis.com\/francia\/wp-json\/wp\/v2\/comments?post=5426"}],"version-history":[{"count":4,"href":"https:\/\/www.mclouis.com\/francia\/wp-json\/wp\/v2\/posts\/5426\/revisions"}],"predecessor-version":[{"id":5433,"href":"https:\/\/www.mclouis.com\/francia\/wp-json\/wp\/v2\/posts\/5426\/revisions\/5433"}],"wp:featuredmedia":[{"embeddable":true,"href":"https:\/\/www.mclouis.com\/francia\/wp-json\/wp\/v2\/media\/5562"}],"wp:attachment":[{"href":"https:\/\/www.mclouis.com\/francia\/wp-json\/wp\/v2\/media?parent=5426"}],"wp:term":[{"taxonomy":"post_tag","embeddable":true,"href":"https:\/\/www.mclouis.com\/francia\/wp-json\/wp\/v2\/tags?post=5426"}],"curies":[{"name":"wp","href":"https:\/\/api.w.org\/{rel}","templated":true}]}}