{"id":5555,"date":"2025-04-01T15:05:49","date_gmt":"2025-04-01T13:05:49","guid":{"rendered":"https:\/\/www.mclouis.com\/francia\/?p=5555"},"modified":"2025-04-02T08:43:54","modified_gmt":"2025-04-02T06:43:54","slug":"viva-camping-car-de-soumoulou-la-2%e1%b5%89-edition-a-ne-pas-manquer","status":"publish","type":"post","link":"https:\/\/www.mclouis.com\/francia\/2025\/04\/01\/viva-camping-car-de-soumoulou-la-2%e1%b5%89-edition-a-ne-pas-manquer\/","title":{"rendered":"Viva Camping-Car de Soumoulou : la 2\u1d49 \u00e9dition \u00e0 ne pas manquer !"},"content":{"rendered":"<p>Les beaux jours arrivent&#8230; et l&rsquo;envie d&rsquo;aventure avec eux !<\/p>\n<p>\ud83d\udccd <strong>Soumoulou &#8211; Place du March\u00e9<\/strong><br \/>\n\ud83d\udcc5 <strong>Du 10 au 13 avril<\/strong><br \/>\n\u23f0 <strong>De 10h \u00e0 19h non-stop<\/strong><br \/>\n\ud83c\udf9f\ufe0f <strong>Entr\u00e9e gratuite \u2013 Bonne humeur assur\u00e9e !<\/strong><\/p>\n<p>Apr\u00e8s le succ\u00e8s de sa premi\u00e8re \u00e9dition, <strong>VIVA CAMPING-CAR<\/strong> revient \u00e0 Soumoulou pour une 2\u1d49 \u00e9dition encore plus vaste, riche et conviviale ! L&rsquo;\u00e9v\u00e9nement se tiendra dans le charmant village b\u00e9arnais, connu pour ses vide-greniers anim\u00e9s et ses ventes traditionnelles de voitures entre particuliers chaque dimanche matin. Cette fois-ci, ce sont les camping-cars qui sont \u00e0 l&rsquo;honneur !<\/p>\n<p><strong>PLUS DE 250 CAMPING-CARS DISPONIBLES ET PR\u00caTS \u00c0 PARTIR !<\/strong><\/p>\n<p>\u27a1\ufe0f <strong>Neufs et d\u2019occasion<\/strong> : un large choix, avec des mod\u00e8les vari\u00e9s (vans, fourgons, profil\u00e9s, int\u00e9graux\u2026).<br \/>\n\u27a1\ufe0f <strong>Des nouveaut\u00e9s de printemps en avant-premi\u00e8re<\/strong>, pr\u00eates \u00e0 l&rsquo;achat !<br \/>\n\u27a1\ufe0f <strong>Essais et conseils personnalis\u00e9s<\/strong> : nos experts seront pr\u00e9sents pour vous guider et vous aider \u00e0 trouver le mod\u00e8le id\u00e9al.<\/p>\n<p><strong>DES OFFRES EXCEPTIONNELLES ET DES AVANTAGES UNIQUES<\/strong><\/p>\n<p>\ud83d\udd25 <strong>Promotions sp\u00e9ciales salon<\/strong><br \/>\n\u267b\ufe0f <strong>Reprise de votre v\u00e9hicule<\/strong><br \/>\n\ud83d\udcb0 <strong>Financements adapt\u00e9s<\/strong><\/p>\n<p><strong>UN RENDEZ-VOUS INCONTOURNABLE POUR LES AMOUREUX DE L\u2019\u00c9VASION AU PIED DES PYR\u00c9N\u00c9ES !<\/strong><\/p>\n<p>Envie de week-ends improvis\u00e9s ou d&rsquo;un road-trip ensoleill\u00e9 ? Venez d\u00e9couvrir votre compagnon de voyage id\u00e9al et pr\u00e9parez-vous \u00e0 partir \u00e0 l&rsquo;aventure !<\/p>\n<p>&nbsp;<\/p>\n<p>\ud83d\udccd <strong>VIVA CAMPING-CAR SOUMOULOU \u2013 DU 10 AU 13 AVRIL \u2013 PLACE DU MARCH\u00c9<\/strong><br \/>\n\ud83d\udce2 <strong>Entr\u00e9e gratuite \u2013 Ambiance conviviale garantie !<\/strong><\/p>\n<p>Ne manquez pas cette occasion unique de partir \u00e0 la conqu\u00eate de nouveaux horizons&#8230; Nous vous attendons \u00e0 Soumoulou !<\/p>\n","protected":false},"excerpt":{"rendered":"<p>Les beaux jours arrivent&#8230; et l&rsquo;envie d&rsquo;aventure avec eux ! \ud83d\udccd Soumoulou &#8211; Place du March\u00e9 \ud83d\udcc5 Du 10 au 13 avril \u23f0 De 10h \u00e0 19h non-stop \ud83c\udf9f\ufe0f Entr\u00e9e gratuite \u2013 Bonne humeur assur\u00e9e ! Apr\u00e8s le succ\u00e8s de sa premi\u00e8re \u00e9dition, VIVA CAMPING-CAR revient \u00e0 Soumoulou pour une 2\u1d49 \u00e9dition encore plus vaste, &hellip; <a href=\"https:\/\/www.mclouis.com\/francia\/2025\/04\/01\/viva-camping-car-de-soumoulou-la-2%e1%b5%89-edition-a-ne-pas-manquer\/\">Continued<\/a><\/p>\n","protected":false},"author":5,"featured_media":5556,"comment_status":"closed","ping_status":"closed","sticky":false,"template":"","format":"standard","meta":{"_acf_changed":false,"inline_featured_image":false,"footnotes":""},"tags":[],"class_list":["post-5555","post","type-post","status-publish","format-standard","has-post-thumbnail","hentry"],"acf":[],"yoast_head":"<!-- This site is optimized with the Yoast SEO plugin v27.2 - https:\/\/yoast.com\/product\/yoast-seo-wordpress\/ -->\n<title>Viva Camping-Car de Soumoulou : la 2\u1d49 \u00e9dition \u00e0 ne pas manquer ! - McLouis FRANCIA<\/title>\n<meta name=\"robots\" content=\"index, follow, max-snippet:-1, max-image-preview:large, max-video-preview:-1\" \/>\n<link rel=\"canonical\" href=\"https:\/\/www.mclouis.com\/francia\/2025\/04\/01\/viva-camping-car-de-soumoulou-la-2\u1d49-edition-a-ne-pas-manquer\/\" \/>\n<meta property=\"og:locale\" content=\"fr_FR\" \/>\n<meta property=\"og:type\" content=\"article\" \/>\n<meta property=\"og:title\" content=\"Viva Camping-Car de Soumoulou : la 2\u1d49 \u00e9dition \u00e0 ne pas manquer ! - McLouis FRANCIA\" \/>\n<meta property=\"og:description\" content=\"Les beaux jours arrivent&#8230; et l&rsquo;envie d&rsquo;aventure avec eux ! \ud83d\udccd Soumoulou &#8211; Place du March\u00e9 \ud83d\udcc5 Du 10 au 13 avril \u23f0 De 10h \u00e0 19h non-stop \ud83c\udf9f\ufe0f Entr\u00e9e gratuite \u2013 Bonne humeur assur\u00e9e ! Apr\u00e8s le succ\u00e8s de sa premi\u00e8re \u00e9dition, VIVA CAMPING-CAR revient \u00e0 Soumoulou pour une 2\u1d49 \u00e9dition encore plus vaste, &hellip; Continued\" \/>\n<meta property=\"og:url\" content=\"https:\/\/www.mclouis.com\/francia\/2025\/04\/01\/viva-camping-car-de-soumoulou-la-2\u1d49-edition-a-ne-pas-manquer\/\" \/>\n<meta property=\"og:site_name\" content=\"McLouis FRANCIA\" \/>\n<meta property=\"article:published_time\" content=\"2025-04-01T13:05:49+00:00\" \/>\n<meta property=\"article:modified_time\" content=\"2025-04-02T06:43:54+00:00\" \/>\n<meta property=\"og:image\" content=\"https:\/\/www.mclouis.com\/francia\/wp-content\/uploads\/sites\/3\/2025\/04\/Viva-Camping-Car-McLouis-banner-sito-10-13-aprile-.jpg\" \/>\n\t<meta property=\"og:image:width\" content=\"1200\" \/>\n\t<meta property=\"og:image:height\" content=\"700\" \/>\n\t<meta property=\"og:image:type\" content=\"image\/jpeg\" \/>\n<meta name=\"author\" content=\"mpacini\" \/>\n<meta name=\"twitter:card\" content=\"summary_large_image\" \/>\n<meta name=\"twitter:label1\" content=\"\u00c9crit par\" \/>\n\t<meta name=\"twitter:data1\" content=\"mpacini\" \/>\n\t<meta name=\"twitter:label2\" content=\"Dur\u00e9e de lecture estim\u00e9e\" \/>\n\t<meta name=\"twitter:data2\" content=\"2 minutes\" \/>\n<script type=\"application\/ld+json\" class=\"yoast-schema-graph\">{\"@context\":\"https:\/\/schema.org\",\"@graph\":[{\"@type\":\"Article\",\"@id\":\"https:\/\/www.mclouis.com\/francia\/2025\/04\/01\/viva-camping-car-de-soumoulou-la-2%e1%b5%89-edition-a-ne-pas-manquer\/#article\",\"isPartOf\":{\"@id\":\"https:\/\/www.mclouis.com\/francia\/2025\/04\/01\/viva-camping-car-de-soumoulou-la-2%e1%b5%89-edition-a-ne-pas-manquer\/\"},\"author\":{\"name\":\"mpacini\",\"@id\":\"https:\/\/www.mclouis.com\/francia\/#\/schema\/person\/493572f118dd2aa649a77c7a109228ae\"},\"headline\":\"Viva Camping-Car de Soumoulou : la 2\u1d49 \u00e9dition \u00e0 ne pas manquer !\",\"datePublished\":\"2025-04-01T13:05:49+00:00\",\"dateModified\":\"2025-04-02T06:43:54+00:00\",\"mainEntityOfPage\":{\"@id\":\"https:\/\/www.mclouis.com\/francia\/2025\/04\/01\/viva-camping-car-de-soumoulou-la-2%e1%b5%89-edition-a-ne-pas-manquer\/\"},\"wordCount\":254,\"image\":{\"@id\":\"https:\/\/www.mclouis.com\/francia\/2025\/04\/01\/viva-camping-car-de-soumoulou-la-2%e1%b5%89-edition-a-ne-pas-manquer\/#primaryimage\"},\"thumbnailUrl\":\"https:\/\/www.mclouis.com\/francia\/wp-content\/uploads\/sites\/3\/2025\/04\/Viva-Camping-Car-McLouis-banner-sito-10-13-aprile-.jpg\",\"inLanguage\":\"fr-FR\"},{\"@type\":\"WebPage\",\"@id\":\"https:\/\/www.mclouis.com\/francia\/2025\/04\/01\/viva-camping-car-de-soumoulou-la-2%e1%b5%89-edition-a-ne-pas-manquer\/\",\"url\":\"https:\/\/www.mclouis.com\/francia\/2025\/04\/01\/viva-camping-car-de-soumoulou-la-2%e1%b5%89-edition-a-ne-pas-manquer\/\",\"name\":\"Viva Camping-Car de Soumoulou : la 2\u1d49 \u00e9dition \u00e0 ne pas manquer ! - McLouis FRANCIA\",\"isPartOf\":{\"@id\":\"https:\/\/www.mclouis.com\/francia\/#website\"},\"primaryImageOfPage\":{\"@id\":\"https:\/\/www.mclouis.com\/francia\/2025\/04\/01\/viva-camping-car-de-soumoulou-la-2%e1%b5%89-edition-a-ne-pas-manquer\/#primaryimage\"},\"image\":{\"@id\":\"https:\/\/www.mclouis.com\/francia\/2025\/04\/01\/viva-camping-car-de-soumoulou-la-2%e1%b5%89-edition-a-ne-pas-manquer\/#primaryimage\"},\"thumbnailUrl\":\"https:\/\/www.mclouis.com\/francia\/wp-content\/uploads\/sites\/3\/2025\/04\/Viva-Camping-Car-McLouis-banner-sito-10-13-aprile-.jpg\",\"datePublished\":\"2025-04-01T13:05:49+00:00\",\"dateModified\":\"2025-04-02T06:43:54+00:00\",\"author\":{\"@id\":\"https:\/\/www.mclouis.com\/francia\/#\/schema\/person\/493572f118dd2aa649a77c7a109228ae\"},\"breadcrumb\":{\"@id\":\"https:\/\/www.mclouis.com\/francia\/2025\/04\/01\/viva-camping-car-de-soumoulou-la-2%e1%b5%89-edition-a-ne-pas-manquer\/#breadcrumb\"},\"inLanguage\":\"fr-FR\",\"potentialAction\":[{\"@type\":\"ReadAction\",\"target\":[\"https:\/\/www.mclouis.com\/francia\/2025\/04\/01\/viva-camping-car-de-soumoulou-la-2%e1%b5%89-edition-a-ne-pas-manquer\/\"]}]},{\"@type\":\"ImageObject\",\"inLanguage\":\"fr-FR\",\"@id\":\"https:\/\/www.mclouis.com\/francia\/2025\/04\/01\/viva-camping-car-de-soumoulou-la-2%e1%b5%89-edition-a-ne-pas-manquer\/#primaryimage\",\"url\":\"https:\/\/www.mclouis.com\/francia\/wp-content\/uploads\/sites\/3\/2025\/04\/Viva-Camping-Car-McLouis-banner-sito-10-13-aprile-.jpg\",\"contentUrl\":\"https:\/\/www.mclouis.com\/francia\/wp-content\/uploads\/sites\/3\/2025\/04\/Viva-Camping-Car-McLouis-banner-sito-10-13-aprile-.jpg\",\"width\":1200,\"height\":700},{\"@type\":\"BreadcrumbList\",\"@id\":\"https:\/\/www.mclouis.com\/francia\/2025\/04\/01\/viva-camping-car-de-soumoulou-la-2%e1%b5%89-edition-a-ne-pas-manquer\/#breadcrumb\",\"itemListElement\":[{\"@type\":\"ListItem\",\"position\":1,\"name\":\"Home\",\"item\":\"https:\/\/www.mclouis.com\/francia\/\"},{\"@type\":\"ListItem\",\"position\":2,\"name\":\"Viva Camping-Car de Soumoulou : la 2\u1d49 \u00e9dition \u00e0 ne pas manquer !\"}]},{\"@type\":\"WebSite\",\"@id\":\"https:\/\/www.mclouis.com\/francia\/#website\",\"url\":\"https:\/\/www.mclouis.com\/francia\/\",\"name\":\"McLouis FRANCIA\",\"description\":\"\",\"potentialAction\":[{\"@type\":\"SearchAction\",\"target\":{\"@type\":\"EntryPoint\",\"urlTemplate\":\"https:\/\/www.mclouis.com\/francia\/?s={search_term_string}\"},\"query-input\":{\"@type\":\"PropertyValueSpecification\",\"valueRequired\":true,\"valueName\":\"search_term_string\"}}],\"inLanguage\":\"fr-FR\"},{\"@type\":\"Person\",\"@id\":\"https:\/\/www.mclouis.com\/francia\/#\/schema\/person\/493572f118dd2aa649a77c7a109228ae\",\"name\":\"mpacini\",\"image\":{\"@type\":\"ImageObject\",\"inLanguage\":\"fr-FR\",\"@id\":\"https:\/\/secure.gravatar.com\/avatar\/15d4a78b84a118a02bcf466cbda61f26e8baf76ca0e78ba3ac1630d0cf5b9645?s=96&d=mm&r=g\",\"url\":\"https:\/\/secure.gravatar.com\/avatar\/15d4a78b84a118a02bcf466cbda61f26e8baf76ca0e78ba3ac1630d0cf5b9645?s=96&d=mm&r=g\",\"contentUrl\":\"https:\/\/secure.gravatar.com\/avatar\/15d4a78b84a118a02bcf466cbda61f26e8baf76ca0e78ba3ac1630d0cf5b9645?s=96&d=mm&r=g\",\"caption\":\"mpacini\"},\"url\":\"https:\/\/www.mclouis.com\/francia\/author\/mpacini\/\"}]}<\/script>\n<!-- \/ Yoast SEO plugin. -->","yoast_head_json":{"title":"Viva Camping-Car de Soumoulou : la 2\u1d49 \u00e9dition \u00e0 ne pas manquer ! - McLouis FRANCIA","robots":{"index":"index","follow":"follow","max-snippet":"max-snippet:-1","max-image-preview":"max-image-preview:large","max-video-preview":"max-video-preview:-1"},"canonical":"https:\/\/www.mclouis.com\/francia\/2025\/04\/01\/viva-camping-car-de-soumoulou-la-2\u1d49-edition-a-ne-pas-manquer\/","og_locale":"fr_FR","og_type":"article","og_title":"Viva Camping-Car de Soumoulou : la 2\u1d49 \u00e9dition \u00e0 ne pas manquer ! - McLouis FRANCIA","og_description":"Les beaux jours arrivent&#8230; et l&rsquo;envie d&rsquo;aventure avec eux ! \ud83d\udccd Soumoulou &#8211; Place du March\u00e9 \ud83d\udcc5 Du 10 au 13 avril \u23f0 De 10h \u00e0 19h non-stop \ud83c\udf9f\ufe0f Entr\u00e9e gratuite \u2013 Bonne humeur assur\u00e9e ! Apr\u00e8s le succ\u00e8s de sa premi\u00e8re \u00e9dition, VIVA CAMPING-CAR revient \u00e0 Soumoulou pour une 2\u1d49 \u00e9dition encore plus vaste, &hellip; Continued","og_url":"https:\/\/www.mclouis.com\/francia\/2025\/04\/01\/viva-camping-car-de-soumoulou-la-2\u1d49-edition-a-ne-pas-manquer\/","og_site_name":"McLouis FRANCIA","article_published_time":"2025-04-01T13:05:49+00:00","article_modified_time":"2025-04-02T06:43:54+00:00","og_image":[{"width":1200,"height":700,"url":"https:\/\/www.mclouis.com\/francia\/wp-content\/uploads\/sites\/3\/2025\/04\/Viva-Camping-Car-McLouis-banner-sito-10-13-aprile-.jpg","type":"image\/jpeg"}],"author":"mpacini","twitter_card":"summary_large_image","twitter_misc":{"\u00c9crit par":"mpacini","Dur\u00e9e de lecture estim\u00e9e":"2 minutes"},"schema":{"@context":"https:\/\/schema.org","@graph":[{"@type":"Article","@id":"https:\/\/www.mclouis.com\/francia\/2025\/04\/01\/viva-camping-car-de-soumoulou-la-2%e1%b5%89-edition-a-ne-pas-manquer\/#article","isPartOf":{"@id":"https:\/\/www.mclouis.com\/francia\/2025\/04\/01\/viva-camping-car-de-soumoulou-la-2%e1%b5%89-edition-a-ne-pas-manquer\/"},"author":{"name":"mpacini","@id":"https:\/\/www.mclouis.com\/francia\/#\/schema\/person\/493572f118dd2aa649a77c7a109228ae"},"headline":"Viva Camping-Car de Soumoulou : la 2\u1d49 \u00e9dition \u00e0 ne pas manquer !","datePublished":"2025-04-01T13:05:49+00:00","dateModified":"2025-04-02T06:43:54+00:00","mainEntityOfPage":{"@id":"https:\/\/www.mclouis.com\/francia\/2025\/04\/01\/viva-camping-car-de-soumoulou-la-2%e1%b5%89-edition-a-ne-pas-manquer\/"},"wordCount":254,"image":{"@id":"https:\/\/www.mclouis.com\/francia\/2025\/04\/01\/viva-camping-car-de-soumoulou-la-2%e1%b5%89-edition-a-ne-pas-manquer\/#primaryimage"},"thumbnailUrl":"https:\/\/www.mclouis.com\/francia\/wp-content\/uploads\/sites\/3\/2025\/04\/Viva-Camping-Car-McLouis-banner-sito-10-13-aprile-.jpg","inLanguage":"fr-FR"},{"@type":"WebPage","@id":"https:\/\/www.mclouis.com\/francia\/2025\/04\/01\/viva-camping-car-de-soumoulou-la-2%e1%b5%89-edition-a-ne-pas-manquer\/","url":"https:\/\/www.mclouis.com\/francia\/2025\/04\/01\/viva-camping-car-de-soumoulou-la-2%e1%b5%89-edition-a-ne-pas-manquer\/","name":"Viva Camping-Car de Soumoulou : la 2\u1d49 \u00e9dition \u00e0 ne pas manquer ! - McLouis FRANCIA","isPartOf":{"@id":"https:\/\/www.mclouis.com\/francia\/#website"},"primaryImageOfPage":{"@id":"https:\/\/www.mclouis.com\/francia\/2025\/04\/01\/viva-camping-car-de-soumoulou-la-2%e1%b5%89-edition-a-ne-pas-manquer\/#primaryimage"},"image":{"@id":"https:\/\/www.mclouis.com\/francia\/2025\/04\/01\/viva-camping-car-de-soumoulou-la-2%e1%b5%89-edition-a-ne-pas-manquer\/#primaryimage"},"thumbnailUrl":"https:\/\/www.mclouis.com\/francia\/wp-content\/uploads\/sites\/3\/2025\/04\/Viva-Camping-Car-McLouis-banner-sito-10-13-aprile-.jpg","datePublished":"2025-04-01T13:05:49+00:00","dateModified":"2025-04-02T06:43:54+00:00","author":{"@id":"https:\/\/www.mclouis.com\/francia\/#\/schema\/person\/493572f118dd2aa649a77c7a109228ae"},"breadcrumb":{"@id":"https:\/\/www.mclouis.com\/francia\/2025\/04\/01\/viva-camping-car-de-soumoulou-la-2%e1%b5%89-edition-a-ne-pas-manquer\/#breadcrumb"},"inLanguage":"fr-FR","potentialAction":[{"@type":"ReadAction","target":["https:\/\/www.mclouis.com\/francia\/2025\/04\/01\/viva-camping-car-de-soumoulou-la-2%e1%b5%89-edition-a-ne-pas-manquer\/"]}]},{"@type":"ImageObject","inLanguage":"fr-FR","@id":"https:\/\/www.mclouis.com\/francia\/2025\/04\/01\/viva-camping-car-de-soumoulou-la-2%e1%b5%89-edition-a-ne-pas-manquer\/#primaryimage","url":"https:\/\/www.mclouis.com\/francia\/wp-content\/uploads\/sites\/3\/2025\/04\/Viva-Camping-Car-McLouis-banner-sito-10-13-aprile-.jpg","contentUrl":"https:\/\/www.mclouis.com\/francia\/wp-content\/uploads\/sites\/3\/2025\/04\/Viva-Camping-Car-McLouis-banner-sito-10-13-aprile-.jpg","width":1200,"height":700},{"@type":"BreadcrumbList","@id":"https:\/\/www.mclouis.com\/francia\/2025\/04\/01\/viva-camping-car-de-soumoulou-la-2%e1%b5%89-edition-a-ne-pas-manquer\/#breadcrumb","itemListElement":[{"@type":"ListItem","position":1,"name":"Home","item":"https:\/\/www.mclouis.com\/francia\/"},{"@type":"ListItem","position":2,"name":"Viva Camping-Car de Soumoulou : la 2\u1d49 \u00e9dition \u00e0 ne pas manquer !"}]},{"@type":"WebSite","@id":"https:\/\/www.mclouis.com\/francia\/#website","url":"https:\/\/www.mclouis.com\/francia\/","name":"McLouis FRANCIA","description":"","potentialAction":[{"@type":"SearchAction","target":{"@type":"EntryPoint","urlTemplate":"https:\/\/www.mclouis.com\/francia\/?s={search_term_string}"},"query-input":{"@type":"PropertyValueSpecification","valueRequired":true,"valueName":"search_term_string"}}],"inLanguage":"fr-FR"},{"@type":"Person","@id":"https:\/\/www.mclouis.com\/francia\/#\/schema\/person\/493572f118dd2aa649a77c7a109228ae","name":"mpacini","image":{"@type":"ImageObject","inLanguage":"fr-FR","@id":"https:\/\/secure.gravatar.com\/avatar\/15d4a78b84a118a02bcf466cbda61f26e8baf76ca0e78ba3ac1630d0cf5b9645?s=96&d=mm&r=g","url":"https:\/\/secure.gravatar.com\/avatar\/15d4a78b84a118a02bcf466cbda61f26e8baf76ca0e78ba3ac1630d0cf5b9645?s=96&d=mm&r=g","contentUrl":"https:\/\/secure.gravatar.com\/avatar\/15d4a78b84a118a02bcf466cbda61f26e8baf76ca0e78ba3ac1630d0cf5b9645?s=96&d=mm&r=g","caption":"mpacini"},"url":"https:\/\/www.mclouis.com\/francia\/author\/mpacini\/"}]}},"_links":{"self":[{"href":"https:\/\/www.mclouis.com\/francia\/wp-json\/wp\/v2\/posts\/5555","targetHints":{"allow":["GET"]}}],"collection":[{"href":"https:\/\/www.mclouis.com\/francia\/wp-json\/wp\/v2\/posts"}],"about":[{"href":"https:\/\/www.mclouis.com\/francia\/wp-json\/wp\/v2\/types\/post"}],"author":[{"embeddable":true,"href":"https:\/\/www.mclouis.com\/francia\/wp-json\/wp\/v2\/users\/5"}],"replies":[{"embeddable":true,"href":"https:\/\/www.mclouis.com\/francia\/wp-json\/wp\/v2\/comments?post=5555"}],"version-history":[{"count":3,"href":"https:\/\/www.mclouis.com\/francia\/wp-json\/wp\/v2\/posts\/5555\/revisions"}],"predecessor-version":[{"id":5561,"href":"https:\/\/www.mclouis.com\/francia\/wp-json\/wp\/v2\/posts\/5555\/revisions\/5561"}],"wp:featuredmedia":[{"embeddable":true,"href":"https:\/\/www.mclouis.com\/francia\/wp-json\/wp\/v2\/media\/5556"}],"wp:attachment":[{"href":"https:\/\/www.mclouis.com\/francia\/wp-json\/wp\/v2\/media?parent=5555"}],"wp:term":[{"taxonomy":"post_tag","embeddable":true,"href":"https:\/\/www.mclouis.com\/francia\/wp-json\/wp\/v2\/tags?post=5555"}],"curies":[{"name":"wp","href":"https:\/\/api.w.org\/{rel}","templated":true}]}}