{"id":6890,"date":"2026-09-01T11:52:10","date_gmt":"2026-09-01T09:52:10","guid":{"rendered":"https:\/\/www.mclouis.com\/francia\/?p=6890"},"modified":"2026-09-01T11:56:41","modified_gmt":"2026-09-01T09:56:41","slug":"le-style-mclouis-sinvite-au-salon-des-vehicules-de-loisirs","status":"publish","type":"post","link":"https:\/\/www.mclouis.com\/francia\/2026\/09\/01\/le-style-mclouis-sinvite-au-salon-des-vehicules-de-loisirs\/","title":{"rendered":"Le style McLouis s\u2019invite au Salon des V\u00e9hicules de Loisirs"},"content":{"rendered":"<p>Du <strong>26 septembre au 4 octobre 2026<\/strong>, McLouis sera pr\u00e9sent \u00e0 Paris-Le Bourget pour c\u00e9l\u00e9brer la <strong>60e \u00e9dition du Salon des V\u00e9hicules de Loisirs<\/strong>.<\/p>\n<p>L\u2019occasion de d\u00e9couvrir la <strong>collection 2027<\/strong>, o\u00f9 design italien, confort et modernit\u00e9 se conjuguent pour imaginer une autre mani\u00e8re de prendre la route.<\/p>\n<p>Rendez-vous <strong>hall 3<\/strong>,<strong> stand B8<\/strong> pour monter \u00e0 bord des mod\u00e8les expos\u00e9s, appr\u00e9cier leurs am\u00e9nagements et \u00e9changer avec nos \u00e9quipes autour de votre futur projet.<\/p>\n<p>L\u2019univers McLouis se prolonge \u00e9galement aupr\u00e8s de notre <strong>r\u00e9seau de concessionnaires<\/strong>, qui vous accompagne tout au long de l\u2019ann\u00e9e.<\/p>\n<p>Nous serons ravis de vous accueillir au Bourget et de partager avec vous notre vision du voyage \u00e0 l\u2019italienne.<\/p>\n<p><strong>Les nouveaux v\u00e9hicules expos\u00e9s <\/strong>:<\/p>\n<p><strong>FOURGONS<\/strong> : Menfys 3 \u2013 Menfys 1 Next \u2013 Menfys 3 Maxi Next \u2013 Menfys 3 Yearling \u2013 Menfys 4 Yearling<br \/>\n<strong><br \/>\nPROFIL\u00c9S COMPACTS<\/strong> : MC4 Slim 337 Yearling \u2013 MC4 Slim 367 Yearling<br \/>\n<strong><br \/>\nPROFIL\u00c9S<\/strong> : MC4 370 \u2013 MC4 881 Yearling<br \/>\n<strong><br \/>\nINT\u00c9GRAUX<\/strong> : Nevis 840 Yearling \u2013 Nevis 881 Yearling<\/p>\n<p>&nbsp;<\/p>\n","protected":false},"excerpt":{"rendered":"<p>Du 26 septembre au 4 octobre 2026, McLouis sera pr\u00e9sent \u00e0 Paris-Le Bourget pour c\u00e9l\u00e9brer la 60e \u00e9dition du Salon des V\u00e9hicules de Loisirs. L\u2019occasion de d\u00e9couvrir la collection 2027, o\u00f9 design italien, confort et modernit\u00e9 se conjuguent pour imaginer une autre mani\u00e8re de prendre la route. Rendez-vous hall 3, stand B8 pour monter \u00e0 &hellip; <a href=\"https:\/\/www.mclouis.com\/francia\/2026\/09\/01\/le-style-mclouis-sinvite-au-salon-des-vehicules-de-loisirs\/\">Continued<\/a><\/p>\n","protected":false},"author":2,"featured_media":6894,"comment_status":"closed","ping_status":"closed","sticky":false,"template":"","format":"standard","meta":{"_acf_changed":false,"inline_featured_image":false,"footnotes":""},"tags":[],"class_list":["post-6890","post","type-post","status-publish","format-standard","has-post-thumbnail","hentry"],"acf":[],"yoast_head":"<!-- This site is optimized with the Yoast SEO plugin v28.1 - https:\/\/yoast.com\/product\/yoast-seo-wordpress\/ -->\n<title>Le style McLouis s\u2019invite au Salon des V\u00e9hicules de Loisirs - McLouis FRANCIA<\/title>\n<meta name=\"robots\" content=\"index, follow, max-snippet:-1, max-image-preview:large, max-video-preview:-1\" \/>\n<link rel=\"canonical\" href=\"https:\/\/www.mclouis.com\/francia\/2026\/09\/01\/le-style-mclouis-sinvite-au-salon-des-vehicules-de-loisirs\/\" \/>\n<meta property=\"og:locale\" content=\"fr_FR\" \/>\n<meta property=\"og:type\" content=\"article\" \/>\n<meta property=\"og:title\" content=\"Le style McLouis s\u2019invite au Salon des V\u00e9hicules de Loisirs - McLouis FRANCIA\" \/>\n<meta property=\"og:description\" content=\"Du 26 septembre au 4 octobre 2026, McLouis sera pr\u00e9sent \u00e0 Paris-Le Bourget pour c\u00e9l\u00e9brer la 60e \u00e9dition du Salon des V\u00e9hicules de Loisirs. L\u2019occasion de d\u00e9couvrir la collection 2027, o\u00f9 design italien, confort et modernit\u00e9 se conjuguent pour imaginer une autre mani\u00e8re de prendre la route. Rendez-vous hall 3, stand B8 pour monter \u00e0 &hellip; Continued\" \/>\n<meta property=\"og:url\" content=\"https:\/\/www.mclouis.com\/francia\/2026\/09\/01\/le-style-mclouis-sinvite-au-salon-des-vehicules-de-loisirs\/\" \/>\n<meta property=\"og:site_name\" content=\"McLouis FRANCIA\" \/>\n<meta property=\"article:published_time\" content=\"2026-09-01T09:52:10+00:00\" \/>\n<meta property=\"article:modified_time\" content=\"2026-09-01T09:56:41+00:00\" \/>\n<meta property=\"og:image\" content=\"https:\/\/www.mclouis.com\/francia\/wp-content\/uploads\/sites\/3\/2026\/09\/Mclouis-salon-des-camping-car.jpg\" \/>\n\t<meta property=\"og:image:width\" content=\"1700\" \/>\n\t<meta property=\"og:image:height\" content=\"800\" \/>\n\t<meta property=\"og:image:type\" content=\"image\/jpeg\" \/>\n<meta name=\"author\" content=\"gmachetti\" \/>\n<meta name=\"twitter:card\" content=\"summary_large_image\" \/>\n<meta name=\"twitter:label1\" content=\"\u00c9crit par\" \/>\n\t<meta name=\"twitter:data1\" content=\"gmachetti\" \/>\n\t<meta name=\"twitter:label2\" content=\"Dur\u00e9e de lecture estim\u00e9e\" \/>\n\t<meta name=\"twitter:data2\" content=\"2 minutes\" \/>\n<script type=\"application\/ld+json\" class=\"yoast-schema-graph\">{\"@context\":\"https:\\\/\\\/schema.org\",\"@graph\":[{\"@type\":\"Article\",\"@id\":\"https:\\\/\\\/www.mclouis.com\\\/francia\\\/2026\\\/09\\\/01\\\/le-style-mclouis-sinvite-au-salon-des-vehicules-de-loisirs\\\/#article\",\"isPartOf\":{\"@id\":\"https:\\\/\\\/www.mclouis.com\\\/francia\\\/2026\\\/09\\\/01\\\/le-style-mclouis-sinvite-au-salon-des-vehicules-de-loisirs\\\/\"},\"author\":{\"name\":\"gmachetti\",\"@id\":\"https:\\\/\\\/www.mclouis.com\\\/francia\\\/#\\\/schema\\\/person\\\/261a7fd3deecc24cc786dd1aa80455e6\"},\"headline\":\"Le style McLouis s\u2019invite au Salon des V\u00e9hicules de Loisirs\",\"datePublished\":\"2026-09-01T09:52:10+00:00\",\"dateModified\":\"2026-09-01T09:56:41+00:00\",\"mainEntityOfPage\":{\"@id\":\"https:\\\/\\\/www.mclouis.com\\\/francia\\\/2026\\\/09\\\/01\\\/le-style-mclouis-sinvite-au-salon-des-vehicules-de-loisirs\\\/\"},\"wordCount\":169,\"image\":{\"@id\":\"https:\\\/\\\/www.mclouis.com\\\/francia\\\/2026\\\/09\\\/01\\\/le-style-mclouis-sinvite-au-salon-des-vehicules-de-loisirs\\\/#primaryimage\"},\"thumbnailUrl\":\"https:\\\/\\\/www.mclouis.com\\\/francia\\\/wp-content\\\/uploads\\\/sites\\\/3\\\/2026\\\/09\\\/Mclouis-salon-des-camping-car.jpg\",\"inLanguage\":\"fr-FR\"},{\"@type\":\"WebPage\",\"@id\":\"https:\\\/\\\/www.mclouis.com\\\/francia\\\/2026\\\/09\\\/01\\\/le-style-mclouis-sinvite-au-salon-des-vehicules-de-loisirs\\\/\",\"url\":\"https:\\\/\\\/www.mclouis.com\\\/francia\\\/2026\\\/09\\\/01\\\/le-style-mclouis-sinvite-au-salon-des-vehicules-de-loisirs\\\/\",\"name\":\"Le style McLouis s\u2019invite au Salon des V\u00e9hicules de Loisirs - McLouis FRANCIA\",\"isPartOf\":{\"@id\":\"https:\\\/\\\/www.mclouis.com\\\/francia\\\/#website\"},\"primaryImageOfPage\":{\"@id\":\"https:\\\/\\\/www.mclouis.com\\\/francia\\\/2026\\\/09\\\/01\\\/le-style-mclouis-sinvite-au-salon-des-vehicules-de-loisirs\\\/#primaryimage\"},\"image\":{\"@id\":\"https:\\\/\\\/www.mclouis.com\\\/francia\\\/2026\\\/09\\\/01\\\/le-style-mclouis-sinvite-au-salon-des-vehicules-de-loisirs\\\/#primaryimage\"},\"thumbnailUrl\":\"https:\\\/\\\/www.mclouis.com\\\/francia\\\/wp-content\\\/uploads\\\/sites\\\/3\\\/2026\\\/09\\\/Mclouis-salon-des-camping-car.jpg\",\"datePublished\":\"2026-09-01T09:52:10+00:00\",\"dateModified\":\"2026-09-01T09:56:41+00:00\",\"author\":{\"@id\":\"https:\\\/\\\/www.mclouis.com\\\/francia\\\/#\\\/schema\\\/person\\\/261a7fd3deecc24cc786dd1aa80455e6\"},\"breadcrumb\":{\"@id\":\"https:\\\/\\\/www.mclouis.com\\\/francia\\\/2026\\\/09\\\/01\\\/le-style-mclouis-sinvite-au-salon-des-vehicules-de-loisirs\\\/#breadcrumb\"},\"inLanguage\":\"fr-FR\",\"potentialAction\":[{\"@type\":\"ReadAction\",\"target\":[\"https:\\\/\\\/www.mclouis.com\\\/francia\\\/2026\\\/09\\\/01\\\/le-style-mclouis-sinvite-au-salon-des-vehicules-de-loisirs\\\/\"]}]},{\"@type\":\"ImageObject\",\"inLanguage\":\"fr-FR\",\"@id\":\"https:\\\/\\\/www.mclouis.com\\\/francia\\\/2026\\\/09\\\/01\\\/le-style-mclouis-sinvite-au-salon-des-vehicules-de-loisirs\\\/#primaryimage\",\"url\":\"https:\\\/\\\/www.mclouis.com\\\/francia\\\/wp-content\\\/uploads\\\/sites\\\/3\\\/2026\\\/09\\\/Mclouis-salon-des-camping-car.jpg\",\"contentUrl\":\"https:\\\/\\\/www.mclouis.com\\\/francia\\\/wp-content\\\/uploads\\\/sites\\\/3\\\/2026\\\/09\\\/Mclouis-salon-des-camping-car.jpg\",\"width\":1700,\"height\":800},{\"@type\":\"BreadcrumbList\",\"@id\":\"https:\\\/\\\/www.mclouis.com\\\/francia\\\/2026\\\/09\\\/01\\\/le-style-mclouis-sinvite-au-salon-des-vehicules-de-loisirs\\\/#breadcrumb\",\"itemListElement\":[{\"@type\":\"ListItem\",\"position\":1,\"name\":\"Home\",\"item\":\"https:\\\/\\\/www.mclouis.com\\\/francia\\\/\"},{\"@type\":\"ListItem\",\"position\":2,\"name\":\"Le style McLouis s\u2019invite au Salon des V\u00e9hicules de Loisirs\"}]},{\"@type\":\"WebSite\",\"@id\":\"https:\\\/\\\/www.mclouis.com\\\/francia\\\/#website\",\"url\":\"https:\\\/\\\/www.mclouis.com\\\/francia\\\/\",\"name\":\"McLouis FRANCIA\",\"description\":\"\",\"potentialAction\":[{\"@type\":\"SearchAction\",\"target\":{\"@type\":\"EntryPoint\",\"urlTemplate\":\"https:\\\/\\\/www.mclouis.com\\\/francia\\\/?s={search_term_string}\"},\"query-input\":{\"@type\":\"PropertyValueSpecification\",\"valueRequired\":true,\"valueName\":\"search_term_string\"}}],\"inLanguage\":\"fr-FR\"},{\"@type\":\"Person\",\"@id\":\"https:\\\/\\\/www.mclouis.com\\\/francia\\\/#\\\/schema\\\/person\\\/261a7fd3deecc24cc786dd1aa80455e6\",\"name\":\"gmachetti\",\"image\":{\"@type\":\"ImageObject\",\"inLanguage\":\"fr-FR\",\"@id\":\"https:\\\/\\\/secure.gravatar.com\\\/avatar\\\/1c9513b6a748b7ddd330e39a6916148d4289591b5ad773e5b5b367ae48c24cbd?s=96&d=mm&r=g\",\"url\":\"https:\\\/\\\/secure.gravatar.com\\\/avatar\\\/1c9513b6a748b7ddd330e39a6916148d4289591b5ad773e5b5b367ae48c24cbd?s=96&d=mm&r=g\",\"contentUrl\":\"https:\\\/\\\/secure.gravatar.com\\\/avatar\\\/1c9513b6a748b7ddd330e39a6916148d4289591b5ad773e5b5b367ae48c24cbd?s=96&d=mm&r=g\",\"caption\":\"gmachetti\"},\"url\":\"https:\\\/\\\/www.mclouis.com\\\/francia\\\/author\\\/gmachetti\\\/\"}]}<\/script>\n<!-- \/ Yoast SEO plugin. -->","yoast_head_json":{"title":"Le style McLouis s\u2019invite au Salon des V\u00e9hicules de Loisirs - McLouis FRANCIA","robots":{"index":"index","follow":"follow","max-snippet":"max-snippet:-1","max-image-preview":"max-image-preview:large","max-video-preview":"max-video-preview:-1"},"canonical":"https:\/\/www.mclouis.com\/francia\/2026\/09\/01\/le-style-mclouis-sinvite-au-salon-des-vehicules-de-loisirs\/","og_locale":"fr_FR","og_type":"article","og_title":"Le style McLouis s\u2019invite au Salon des V\u00e9hicules de Loisirs - McLouis FRANCIA","og_description":"Du 26 septembre au 4 octobre 2026, McLouis sera pr\u00e9sent \u00e0 Paris-Le Bourget pour c\u00e9l\u00e9brer la 60e \u00e9dition du Salon des V\u00e9hicules de Loisirs. L\u2019occasion de d\u00e9couvrir la collection 2027, o\u00f9 design italien, confort et modernit\u00e9 se conjuguent pour imaginer une autre mani\u00e8re de prendre la route. Rendez-vous hall 3, stand B8 pour monter \u00e0 &hellip; Continued","og_url":"https:\/\/www.mclouis.com\/francia\/2026\/09\/01\/le-style-mclouis-sinvite-au-salon-des-vehicules-de-loisirs\/","og_site_name":"McLouis FRANCIA","article_published_time":"2026-09-01T09:52:10+00:00","article_modified_time":"2026-09-01T09:56:41+00:00","og_image":[{"width":1700,"height":800,"url":"https:\/\/www.mclouis.com\/francia\/wp-content\/uploads\/sites\/3\/2026\/09\/Mclouis-salon-des-camping-car.jpg","type":"image\/jpeg"}],"author":"gmachetti","twitter_card":"summary_large_image","twitter_misc":{"\u00c9crit par":"gmachetti","Dur\u00e9e de lecture estim\u00e9e":"2 minutes"},"schema":{"@context":"https:\/\/schema.org","@graph":[{"@type":"Article","@id":"https:\/\/www.mclouis.com\/francia\/2026\/09\/01\/le-style-mclouis-sinvite-au-salon-des-vehicules-de-loisirs\/#article","isPartOf":{"@id":"https:\/\/www.mclouis.com\/francia\/2026\/09\/01\/le-style-mclouis-sinvite-au-salon-des-vehicules-de-loisirs\/"},"author":{"name":"gmachetti","@id":"https:\/\/www.mclouis.com\/francia\/#\/schema\/person\/261a7fd3deecc24cc786dd1aa80455e6"},"headline":"Le style McLouis s\u2019invite au Salon des V\u00e9hicules de Loisirs","datePublished":"2026-09-01T09:52:10+00:00","dateModified":"2026-09-01T09:56:41+00:00","mainEntityOfPage":{"@id":"https:\/\/www.mclouis.com\/francia\/2026\/09\/01\/le-style-mclouis-sinvite-au-salon-des-vehicules-de-loisirs\/"},"wordCount":169,"image":{"@id":"https:\/\/www.mclouis.com\/francia\/2026\/09\/01\/le-style-mclouis-sinvite-au-salon-des-vehicules-de-loisirs\/#primaryimage"},"thumbnailUrl":"https:\/\/www.mclouis.com\/francia\/wp-content\/uploads\/sites\/3\/2026\/09\/Mclouis-salon-des-camping-car.jpg","inLanguage":"fr-FR"},{"@type":"WebPage","@id":"https:\/\/www.mclouis.com\/francia\/2026\/09\/01\/le-style-mclouis-sinvite-au-salon-des-vehicules-de-loisirs\/","url":"https:\/\/www.mclouis.com\/francia\/2026\/09\/01\/le-style-mclouis-sinvite-au-salon-des-vehicules-de-loisirs\/","name":"Le style McLouis s\u2019invite au Salon des V\u00e9hicules de Loisirs - McLouis FRANCIA","isPartOf":{"@id":"https:\/\/www.mclouis.com\/francia\/#website"},"primaryImageOfPage":{"@id":"https:\/\/www.mclouis.com\/francia\/2026\/09\/01\/le-style-mclouis-sinvite-au-salon-des-vehicules-de-loisirs\/#primaryimage"},"image":{"@id":"https:\/\/www.mclouis.com\/francia\/2026\/09\/01\/le-style-mclouis-sinvite-au-salon-des-vehicules-de-loisirs\/#primaryimage"},"thumbnailUrl":"https:\/\/www.mclouis.com\/francia\/wp-content\/uploads\/sites\/3\/2026\/09\/Mclouis-salon-des-camping-car.jpg","datePublished":"2026-09-01T09:52:10+00:00","dateModified":"2026-09-01T09:56:41+00:00","author":{"@id":"https:\/\/www.mclouis.com\/francia\/#\/schema\/person\/261a7fd3deecc24cc786dd1aa80455e6"},"breadcrumb":{"@id":"https:\/\/www.mclouis.com\/francia\/2026\/09\/01\/le-style-mclouis-sinvite-au-salon-des-vehicules-de-loisirs\/#breadcrumb"},"inLanguage":"fr-FR","potentialAction":[{"@type":"ReadAction","target":["https:\/\/www.mclouis.com\/francia\/2026\/09\/01\/le-style-mclouis-sinvite-au-salon-des-vehicules-de-loisirs\/"]}]},{"@type":"ImageObject","inLanguage":"fr-FR","@id":"https:\/\/www.mclouis.com\/francia\/2026\/09\/01\/le-style-mclouis-sinvite-au-salon-des-vehicules-de-loisirs\/#primaryimage","url":"https:\/\/www.mclouis.com\/francia\/wp-content\/uploads\/sites\/3\/2026\/09\/Mclouis-salon-des-camping-car.jpg","contentUrl":"https:\/\/www.mclouis.com\/francia\/wp-content\/uploads\/sites\/3\/2026\/09\/Mclouis-salon-des-camping-car.jpg","width":1700,"height":800},{"@type":"BreadcrumbList","@id":"https:\/\/www.mclouis.com\/francia\/2026\/09\/01\/le-style-mclouis-sinvite-au-salon-des-vehicules-de-loisirs\/#breadcrumb","itemListElement":[{"@type":"ListItem","position":1,"name":"Home","item":"https:\/\/www.mclouis.com\/francia\/"},{"@type":"ListItem","position":2,"name":"Le style McLouis s\u2019invite au Salon des V\u00e9hicules de Loisirs"}]},{"@type":"WebSite","@id":"https:\/\/www.mclouis.com\/francia\/#website","url":"https:\/\/www.mclouis.com\/francia\/","name":"McLouis FRANCIA","description":"","potentialAction":[{"@type":"SearchAction","target":{"@type":"EntryPoint","urlTemplate":"https:\/\/www.mclouis.com\/francia\/?s={search_term_string}"},"query-input":{"@type":"PropertyValueSpecification","valueRequired":true,"valueName":"search_term_string"}}],"inLanguage":"fr-FR"},{"@type":"Person","@id":"https:\/\/www.mclouis.com\/francia\/#\/schema\/person\/261a7fd3deecc24cc786dd1aa80455e6","name":"gmachetti","image":{"@type":"ImageObject","inLanguage":"fr-FR","@id":"https:\/\/secure.gravatar.com\/avatar\/1c9513b6a748b7ddd330e39a6916148d4289591b5ad773e5b5b367ae48c24cbd?s=96&d=mm&r=g","url":"https:\/\/secure.gravatar.com\/avatar\/1c9513b6a748b7ddd330e39a6916148d4289591b5ad773e5b5b367ae48c24cbd?s=96&d=mm&r=g","contentUrl":"https:\/\/secure.gravatar.com\/avatar\/1c9513b6a748b7ddd330e39a6916148d4289591b5ad773e5b5b367ae48c24cbd?s=96&d=mm&r=g","caption":"gmachetti"},"url":"https:\/\/www.mclouis.com\/francia\/author\/gmachetti\/"}]}},"_links":{"self":[{"href":"https:\/\/www.mclouis.com\/francia\/wp-json\/wp\/v2\/posts\/6890","targetHints":{"allow":["GET"]}}],"collection":[{"href":"https:\/\/www.mclouis.com\/francia\/wp-json\/wp\/v2\/posts"}],"about":[{"href":"https:\/\/www.mclouis.com\/francia\/wp-json\/wp\/v2\/types\/post"}],"author":[{"embeddable":true,"href":"https:\/\/www.mclouis.com\/francia\/wp-json\/wp\/v2\/users\/2"}],"replies":[{"embeddable":true,"href":"https:\/\/www.mclouis.com\/francia\/wp-json\/wp\/v2\/comments?post=6890"}],"version-history":[{"count":3,"href":"https:\/\/www.mclouis.com\/francia\/wp-json\/wp\/v2\/posts\/6890\/revisions"}],"predecessor-version":[{"id":6895,"href":"https:\/\/www.mclouis.com\/francia\/wp-json\/wp\/v2\/posts\/6890\/revisions\/6895"}],"wp:featuredmedia":[{"embeddable":true,"href":"https:\/\/www.mclouis.com\/francia\/wp-json\/wp\/v2\/media\/6894"}],"wp:attachment":[{"href":"https:\/\/www.mclouis.com\/francia\/wp-json\/wp\/v2\/media?parent=6890"}],"wp:term":[{"taxonomy":"post_tag","embeddable":true,"href":"https:\/\/www.mclouis.com\/francia\/wp-json\/wp\/v2\/tags?post=6890"}],"curies":[{"name":"wp","href":"https:\/\/api.w.org\/{rel}","templated":true}]}}