{"id":386,"date":"2023-08-23T17:28:10","date_gmt":"2023-08-23T15:28:10","guid":{"rendered":"https:\/\/www.mclouis.com\/italia\/2024\/05\/23\/mclouis-al-salone-del-camper\/"},"modified":"2024-10-11T15:00:47","modified_gmt":"2024-10-11T13:00:47","slug":"mclouis-al-salone-del-camper","status":"publish","type":"post","link":"https:\/\/www.mclouis.com\/italia\/2023\/08\/23\/mclouis-al-salone-del-camper\/","title":{"rendered":"McLouis al Salone del Camper"},"content":{"rendered":"<p>Uno degli eventi pi\u00f9 importanti dell&#8217;anno \u00e8 ormai alle porte, l&#8217;appuntamento \u00e8 per il\u00a0<a href=\"https:\/\/www.salonedelcamper.it\/\" target=\"_blank\" rel=\"noopener\">Salone del Camper<\/a>\u00a0a Parma dall&#8217;10 al\u00a018 Settembre.<\/p>\n<p><strong>McLouis<\/strong>\u00a0parteciper\u00e0 al\u00a0<strong>Salone del Camper<\/strong>\u00a0per presentare la gamma camper, motorhome e van.<\/p>\n<p>McLouis si trova al\u00a0<strong>Padiglione 05,\u00a0<\/strong>i veicoli presenti sullo stand saranno:<\/p>\n<p>&nbsp;<\/p>\n<p><strong>Serie 200<\/strong><\/p>\n<p><a href=\"https:\/\/www.mclouis.com\/IT-it\/Catalogo\/ModelloDatiTecnici\/963444\/Glamys-226\" target=\"_blank\" rel=\"noopener\">GLAMYS 226\u00a0Ford<\/a><\/p>\n<p><a href=\"https:\/\/www.mclouis.com\/IT-it\/Catalogo\/Modello\/963432\/Mc4-260-Ford\" target=\"_blank\" rel=\"noopener\">MC4 260 Ford<\/a><\/p>\n<p><a href=\"https:\/\/www.mclouis.com\/IT-it\/Catalogo\/Modello\/963478\/Mc4-273\" target=\"_blank\" rel=\"noopener\">MC4 273\u00a0Ford<\/a><\/p>\n<p><a href=\"https:\/\/www.mclouis.com\/IT-it\/Catalogo\/Modello\/963430\/Mc4-231-Ford\">MC4 231 Ford<\/a><\/p>\n<p><a href=\"https:\/\/www.mclouis.com\/IT-it\/Catalogo\/Modello\/963494\/Mc4-239\">MC4 239<\/a><\/p>\n<p><a href=\"https:\/\/www.mclouis.com\/IT-it\/Catalogo\/Modello\/963498\/Mc4-265\" target=\"_blank\" rel=\"noopener\">MC4 265<\/a><\/p>\n<p><a href=\"https:\/\/www.mclouis.com\/IT-it\/Catalogo\/Modello\/963482\/Mc4-281\">MC4 281<\/a><\/p>\n<p>&nbsp;<\/p>\n<p><strong>Serie 800<\/strong><\/p>\n<p><a href=\"https:\/\/www.mclouis.com\/IT-it\/Catalogo\/Modello\/963508\/Mc4-860\" target=\"_blank\" rel=\"noopener\">MC4 860<\/a><\/p>\n<p><a href=\"https:\/\/www.mclouis.com\/IT-it\/Catalogo\/Modello\/963512\/Mc4-865\" target=\"_blank\" rel=\"noopener\">MC4 865<\/a><\/p>\n<p><a href=\"https:\/\/www.mclouis.com\/IT-it\/Catalogo\/Modello\/963520\/Mc4-879\" target=\"_blank\" rel=\"noopener\">MC4 879<\/a><\/p>\n<p><a href=\"https:\/\/www.mclouis.com\/IT-it\/Catalogo\/Modello\/963526\/Nevis-870\" target=\"_blank\" rel=\"noopener\">NEVIS 870<\/a><\/p>\n<p><a href=\"https:\/\/www.mclouis.com\/IT-it\/Catalogo\/Modello\/963530\/Nevis-879\" target=\"_blank\" rel=\"noopener\">NEVIS 879<\/a><\/p>\n<p>&nbsp;<\/p>\n<p><strong>Menfys\u00a0<\/strong><\/p>\n<p><a href=\"https:\/\/www.mclouis.com\/IT-it\/Catalogo\/Modello\/1159449\/Menfys-4-Maxi-Prestige\" target=\"_blank\" rel=\"noopener\">MENFYS\u00a04 MAXI PRESTIGE<\/a><\/p>\n<p><a href=\"https:\/\/www.mclouis.com\/IT-it\/Catalogo\/Modello\/1156449\/Menfys-3-Maxi-S-Line\" target=\"_blank\" rel=\"noopener\">MENFYS\u00a03 MAXI\u00a0S-LINE<\/a><\/p>\n<p><a href=\"https:\/\/www.mclouis.com\/IT-it\/Catalogo\/Modello\/1158909\/Menfys-1\">MENFYS 1<\/a><\/p>\n<p>&nbsp;<\/p>\n","protected":false},"excerpt":{"rendered":"<p>Uno degli eventi pi\u00f9 importanti dell&#8217;anno \u00e8 ormai alle porte, l&#8217;appuntamento \u00e8 per il\u00a0Salone del Camper\u00a0a Parma dall&#8217;10 al\u00a018 Settembre. McLouis\u00a0parteciper\u00e0 al\u00a0Salone del Camper\u00a0per presentare la gamma camper, motorhome e van. McLouis si trova al\u00a0Padiglione 05,\u00a0i veicoli presenti sullo stand saranno: &nbsp; Serie 200 GLAMYS 226\u00a0Ford MC4 260 Ford MC4 273\u00a0Ford MC4 231 Ford MC4 &hellip; <a href=\"https:\/\/www.mclouis.com\/italia\/2023\/08\/23\/mclouis-al-salone-del-camper\/\">Continued<\/a><\/p>\n","protected":false},"author":1,"featured_media":4664,"comment_status":"closed","ping_status":"closed","sticky":false,"template":"","format":"standard","meta":{"_acf_changed":false,"inline_featured_image":false,"footnotes":""},"tags":[98],"class_list":["post-386","post","type-post","status-publish","format-standard","has-post-thumbnail","hentry","tag-fiere"],"acf":[],"yoast_head":"<!-- This site is optimized with the Yoast SEO plugin v27.2 - https:\/\/yoast.com\/product\/yoast-seo-wordpress\/ -->\n<title>McLouis al Salone del Camper - McLouis ITALIA<\/title>\n<meta name=\"robots\" content=\"index, follow, max-snippet:-1, max-image-preview:large, max-video-preview:-1\" \/>\n<link rel=\"canonical\" href=\"https:\/\/www.mclouis.com\/italia\/2023\/08\/23\/mclouis-al-salone-del-camper\/\" \/>\n<meta property=\"og:locale\" content=\"it_IT\" \/>\n<meta property=\"og:type\" content=\"article\" \/>\n<meta property=\"og:title\" content=\"McLouis al Salone del Camper - McLouis ITALIA\" \/>\n<meta property=\"og:description\" content=\"Uno degli eventi pi\u00f9 importanti dell&#8217;anno \u00e8 ormai alle porte, l&#8217;appuntamento \u00e8 per il\u00a0Salone del Camper\u00a0a Parma dall&#8217;10 al\u00a018 Settembre. McLouis\u00a0parteciper\u00e0 al\u00a0Salone del Camper\u00a0per presentare la gamma camper, motorhome e van. McLouis si trova al\u00a0Padiglione 05,\u00a0i veicoli presenti sullo stand saranno: &nbsp; Serie 200 GLAMYS 226\u00a0Ford MC4 260 Ford MC4 273\u00a0Ford MC4 231 Ford MC4 &hellip; Continued\" \/>\n<meta property=\"og:url\" content=\"https:\/\/www.mclouis.com\/italia\/2023\/08\/23\/mclouis-al-salone-del-camper\/\" \/>\n<meta property=\"og:site_name\" content=\"McLouis ITALIA\" \/>\n<meta property=\"article:published_time\" content=\"2023-08-23T15:28:10+00:00\" \/>\n<meta property=\"article:modified_time\" content=\"2024-10-11T13:00:47+00:00\" \/>\n<meta property=\"og:image\" content=\"https:\/\/www.mclouis.com\/italia\/wp-content\/uploads\/sites\/2\/2024\/05\/MENFYS-3-AMB-28_c1800x900.jpg\" \/>\n\t<meta property=\"og:image:width\" content=\"1800\" \/>\n\t<meta property=\"og:image:height\" content=\"900\" \/>\n\t<meta property=\"og:image:type\" content=\"image\/jpeg\" \/>\n<meta name=\"author\" content=\"admin@24\" \/>\n<meta name=\"twitter:card\" content=\"summary_large_image\" \/>\n<meta name=\"twitter:label1\" content=\"Scritto da\" \/>\n\t<meta name=\"twitter:data1\" content=\"admin@24\" \/>\n\t<meta name=\"twitter:label2\" content=\"Tempo di lettura stimato\" \/>\n\t<meta name=\"twitter:data2\" content=\"1 minuto\" \/>\n<script type=\"application\/ld+json\" class=\"yoast-schema-graph\">{\"@context\":\"https:\/\/schema.org\",\"@graph\":[{\"@type\":\"Article\",\"@id\":\"https:\/\/www.mclouis.com\/italia\/2023\/08\/23\/mclouis-al-salone-del-camper\/#article\",\"isPartOf\":{\"@id\":\"https:\/\/www.mclouis.com\/italia\/2023\/08\/23\/mclouis-al-salone-del-camper\/\"},\"author\":{\"name\":\"admin@24\",\"@id\":\"https:\/\/www.mclouis.com\/italia\/#\/schema\/person\/7d34afacc6757eea5ee21cdeceecf1ce\"},\"headline\":\"McLouis al Salone del Camper\",\"datePublished\":\"2023-08-23T15:28:10+00:00\",\"dateModified\":\"2024-10-11T13:00:47+00:00\",\"mainEntityOfPage\":{\"@id\":\"https:\/\/www.mclouis.com\/italia\/2023\/08\/23\/mclouis-al-salone-del-camper\/\"},\"wordCount\":82,\"image\":{\"@id\":\"https:\/\/www.mclouis.com\/italia\/2023\/08\/23\/mclouis-al-salone-del-camper\/#primaryimage\"},\"thumbnailUrl\":\"https:\/\/www.mclouis.com\/italia\/wp-content\/uploads\/sites\/2\/2024\/05\/MENFYS-3-AMB-28_c1800x900.jpg\",\"keywords\":[\"fiere\"],\"inLanguage\":\"it-IT\"},{\"@type\":\"WebPage\",\"@id\":\"https:\/\/www.mclouis.com\/italia\/2023\/08\/23\/mclouis-al-salone-del-camper\/\",\"url\":\"https:\/\/www.mclouis.com\/italia\/2023\/08\/23\/mclouis-al-salone-del-camper\/\",\"name\":\"McLouis al Salone del Camper - McLouis ITALIA\",\"isPartOf\":{\"@id\":\"https:\/\/www.mclouis.com\/italia\/#website\"},\"primaryImageOfPage\":{\"@id\":\"https:\/\/www.mclouis.com\/italia\/2023\/08\/23\/mclouis-al-salone-del-camper\/#primaryimage\"},\"image\":{\"@id\":\"https:\/\/www.mclouis.com\/italia\/2023\/08\/23\/mclouis-al-salone-del-camper\/#primaryimage\"},\"thumbnailUrl\":\"https:\/\/www.mclouis.com\/italia\/wp-content\/uploads\/sites\/2\/2024\/05\/MENFYS-3-AMB-28_c1800x900.jpg\",\"datePublished\":\"2023-08-23T15:28:10+00:00\",\"dateModified\":\"2024-10-11T13:00:47+00:00\",\"author\":{\"@id\":\"https:\/\/www.mclouis.com\/italia\/#\/schema\/person\/7d34afacc6757eea5ee21cdeceecf1ce\"},\"breadcrumb\":{\"@id\":\"https:\/\/www.mclouis.com\/italia\/2023\/08\/23\/mclouis-al-salone-del-camper\/#breadcrumb\"},\"inLanguage\":\"it-IT\",\"potentialAction\":[{\"@type\":\"ReadAction\",\"target\":[\"https:\/\/www.mclouis.com\/italia\/2023\/08\/23\/mclouis-al-salone-del-camper\/\"]}]},{\"@type\":\"ImageObject\",\"inLanguage\":\"it-IT\",\"@id\":\"https:\/\/www.mclouis.com\/italia\/2023\/08\/23\/mclouis-al-salone-del-camper\/#primaryimage\",\"url\":\"https:\/\/www.mclouis.com\/italia\/wp-content\/uploads\/sites\/2\/2024\/05\/MENFYS-3-AMB-28_c1800x900.jpg\",\"contentUrl\":\"https:\/\/www.mclouis.com\/italia\/wp-content\/uploads\/sites\/2\/2024\/05\/MENFYS-3-AMB-28_c1800x900.jpg\",\"width\":1800,\"height\":900},{\"@type\":\"BreadcrumbList\",\"@id\":\"https:\/\/www.mclouis.com\/italia\/2023\/08\/23\/mclouis-al-salone-del-camper\/#breadcrumb\",\"itemListElement\":[{\"@type\":\"ListItem\",\"position\":1,\"name\":\"Home\",\"item\":\"https:\/\/www.mclouis.com\/italia\/\"},{\"@type\":\"ListItem\",\"position\":2,\"name\":\"McLouis al Salone del Camper\"}]},{\"@type\":\"WebSite\",\"@id\":\"https:\/\/www.mclouis.com\/italia\/#website\",\"url\":\"https:\/\/www.mclouis.com\/italia\/\",\"name\":\"McLouis ITALIA\",\"description\":\"\",\"potentialAction\":[{\"@type\":\"SearchAction\",\"target\":{\"@type\":\"EntryPoint\",\"urlTemplate\":\"https:\/\/www.mclouis.com\/italia\/?s={search_term_string}\"},\"query-input\":{\"@type\":\"PropertyValueSpecification\",\"valueRequired\":true,\"valueName\":\"search_term_string\"}}],\"inLanguage\":\"it-IT\"},{\"@type\":\"Person\",\"@id\":\"https:\/\/www.mclouis.com\/italia\/#\/schema\/person\/7d34afacc6757eea5ee21cdeceecf1ce\",\"name\":\"admin@24\",\"image\":{\"@type\":\"ImageObject\",\"inLanguage\":\"it-IT\",\"@id\":\"https:\/\/secure.gravatar.com\/avatar\/09d99c968f27c9aa44cd11a7d098b225a60cece872b0be711ffebb1014b531cf?s=96&d=mm&r=g\",\"url\":\"https:\/\/secure.gravatar.com\/avatar\/09d99c968f27c9aa44cd11a7d098b225a60cece872b0be711ffebb1014b531cf?s=96&d=mm&r=g\",\"contentUrl\":\"https:\/\/secure.gravatar.com\/avatar\/09d99c968f27c9aa44cd11a7d098b225a60cece872b0be711ffebb1014b531cf?s=96&d=mm&r=g\",\"caption\":\"admin@24\"},\"sameAs\":[\"https:\/\/www.mclouis.com\"],\"url\":\"https:\/\/www.mclouis.com\/italia\/author\/admin24\/\"}]}<\/script>\n<!-- \/ Yoast SEO plugin. -->","yoast_head_json":{"title":"McLouis al Salone del Camper - McLouis ITALIA","robots":{"index":"index","follow":"follow","max-snippet":"max-snippet:-1","max-image-preview":"max-image-preview:large","max-video-preview":"max-video-preview:-1"},"canonical":"https:\/\/www.mclouis.com\/italia\/2023\/08\/23\/mclouis-al-salone-del-camper\/","og_locale":"it_IT","og_type":"article","og_title":"McLouis al Salone del Camper - McLouis ITALIA","og_description":"Uno degli eventi pi\u00f9 importanti dell&#8217;anno \u00e8 ormai alle porte, l&#8217;appuntamento \u00e8 per il\u00a0Salone del Camper\u00a0a Parma dall&#8217;10 al\u00a018 Settembre. McLouis\u00a0parteciper\u00e0 al\u00a0Salone del Camper\u00a0per presentare la gamma camper, motorhome e van. McLouis si trova al\u00a0Padiglione 05,\u00a0i veicoli presenti sullo stand saranno: &nbsp; Serie 200 GLAMYS 226\u00a0Ford MC4 260 Ford MC4 273\u00a0Ford MC4 231 Ford MC4 &hellip; Continued","og_url":"https:\/\/www.mclouis.com\/italia\/2023\/08\/23\/mclouis-al-salone-del-camper\/","og_site_name":"McLouis ITALIA","article_published_time":"2023-08-23T15:28:10+00:00","article_modified_time":"2024-10-11T13:00:47+00:00","og_image":[{"width":1800,"height":900,"url":"https:\/\/www.mclouis.com\/italia\/wp-content\/uploads\/sites\/2\/2024\/05\/MENFYS-3-AMB-28_c1800x900.jpg","type":"image\/jpeg"}],"author":"admin@24","twitter_card":"summary_large_image","twitter_misc":{"Scritto da":"admin@24","Tempo di lettura stimato":"1 minuto"},"schema":{"@context":"https:\/\/schema.org","@graph":[{"@type":"Article","@id":"https:\/\/www.mclouis.com\/italia\/2023\/08\/23\/mclouis-al-salone-del-camper\/#article","isPartOf":{"@id":"https:\/\/www.mclouis.com\/italia\/2023\/08\/23\/mclouis-al-salone-del-camper\/"},"author":{"name":"admin@24","@id":"https:\/\/www.mclouis.com\/italia\/#\/schema\/person\/7d34afacc6757eea5ee21cdeceecf1ce"},"headline":"McLouis al Salone del Camper","datePublished":"2023-08-23T15:28:10+00:00","dateModified":"2024-10-11T13:00:47+00:00","mainEntityOfPage":{"@id":"https:\/\/www.mclouis.com\/italia\/2023\/08\/23\/mclouis-al-salone-del-camper\/"},"wordCount":82,"image":{"@id":"https:\/\/www.mclouis.com\/italia\/2023\/08\/23\/mclouis-al-salone-del-camper\/#primaryimage"},"thumbnailUrl":"https:\/\/www.mclouis.com\/italia\/wp-content\/uploads\/sites\/2\/2024\/05\/MENFYS-3-AMB-28_c1800x900.jpg","keywords":["fiere"],"inLanguage":"it-IT"},{"@type":"WebPage","@id":"https:\/\/www.mclouis.com\/italia\/2023\/08\/23\/mclouis-al-salone-del-camper\/","url":"https:\/\/www.mclouis.com\/italia\/2023\/08\/23\/mclouis-al-salone-del-camper\/","name":"McLouis al Salone del Camper - McLouis ITALIA","isPartOf":{"@id":"https:\/\/www.mclouis.com\/italia\/#website"},"primaryImageOfPage":{"@id":"https:\/\/www.mclouis.com\/italia\/2023\/08\/23\/mclouis-al-salone-del-camper\/#primaryimage"},"image":{"@id":"https:\/\/www.mclouis.com\/italia\/2023\/08\/23\/mclouis-al-salone-del-camper\/#primaryimage"},"thumbnailUrl":"https:\/\/www.mclouis.com\/italia\/wp-content\/uploads\/sites\/2\/2024\/05\/MENFYS-3-AMB-28_c1800x900.jpg","datePublished":"2023-08-23T15:28:10+00:00","dateModified":"2024-10-11T13:00:47+00:00","author":{"@id":"https:\/\/www.mclouis.com\/italia\/#\/schema\/person\/7d34afacc6757eea5ee21cdeceecf1ce"},"breadcrumb":{"@id":"https:\/\/www.mclouis.com\/italia\/2023\/08\/23\/mclouis-al-salone-del-camper\/#breadcrumb"},"inLanguage":"it-IT","potentialAction":[{"@type":"ReadAction","target":["https:\/\/www.mclouis.com\/italia\/2023\/08\/23\/mclouis-al-salone-del-camper\/"]}]},{"@type":"ImageObject","inLanguage":"it-IT","@id":"https:\/\/www.mclouis.com\/italia\/2023\/08\/23\/mclouis-al-salone-del-camper\/#primaryimage","url":"https:\/\/www.mclouis.com\/italia\/wp-content\/uploads\/sites\/2\/2024\/05\/MENFYS-3-AMB-28_c1800x900.jpg","contentUrl":"https:\/\/www.mclouis.com\/italia\/wp-content\/uploads\/sites\/2\/2024\/05\/MENFYS-3-AMB-28_c1800x900.jpg","width":1800,"height":900},{"@type":"BreadcrumbList","@id":"https:\/\/www.mclouis.com\/italia\/2023\/08\/23\/mclouis-al-salone-del-camper\/#breadcrumb","itemListElement":[{"@type":"ListItem","position":1,"name":"Home","item":"https:\/\/www.mclouis.com\/italia\/"},{"@type":"ListItem","position":2,"name":"McLouis al Salone del Camper"}]},{"@type":"WebSite","@id":"https:\/\/www.mclouis.com\/italia\/#website","url":"https:\/\/www.mclouis.com\/italia\/","name":"McLouis ITALIA","description":"","potentialAction":[{"@type":"SearchAction","target":{"@type":"EntryPoint","urlTemplate":"https:\/\/www.mclouis.com\/italia\/?s={search_term_string}"},"query-input":{"@type":"PropertyValueSpecification","valueRequired":true,"valueName":"search_term_string"}}],"inLanguage":"it-IT"},{"@type":"Person","@id":"https:\/\/www.mclouis.com\/italia\/#\/schema\/person\/7d34afacc6757eea5ee21cdeceecf1ce","name":"admin@24","image":{"@type":"ImageObject","inLanguage":"it-IT","@id":"https:\/\/secure.gravatar.com\/avatar\/09d99c968f27c9aa44cd11a7d098b225a60cece872b0be711ffebb1014b531cf?s=96&d=mm&r=g","url":"https:\/\/secure.gravatar.com\/avatar\/09d99c968f27c9aa44cd11a7d098b225a60cece872b0be711ffebb1014b531cf?s=96&d=mm&r=g","contentUrl":"https:\/\/secure.gravatar.com\/avatar\/09d99c968f27c9aa44cd11a7d098b225a60cece872b0be711ffebb1014b531cf?s=96&d=mm&r=g","caption":"admin@24"},"sameAs":["https:\/\/www.mclouis.com"],"url":"https:\/\/www.mclouis.com\/italia\/author\/admin24\/"}]}},"_links":{"self":[{"href":"https:\/\/www.mclouis.com\/italia\/wp-json\/wp\/v2\/posts\/386","targetHints":{"allow":["GET"]}}],"collection":[{"href":"https:\/\/www.mclouis.com\/italia\/wp-json\/wp\/v2\/posts"}],"about":[{"href":"https:\/\/www.mclouis.com\/italia\/wp-json\/wp\/v2\/types\/post"}],"author":[{"embeddable":true,"href":"https:\/\/www.mclouis.com\/italia\/wp-json\/wp\/v2\/users\/1"}],"replies":[{"embeddable":true,"href":"https:\/\/www.mclouis.com\/italia\/wp-json\/wp\/v2\/comments?post=386"}],"version-history":[{"count":1,"href":"https:\/\/www.mclouis.com\/italia\/wp-json\/wp\/v2\/posts\/386\/revisions"}],"predecessor-version":[{"id":4665,"href":"https:\/\/www.mclouis.com\/italia\/wp-json\/wp\/v2\/posts\/386\/revisions\/4665"}],"wp:featuredmedia":[{"embeddable":true,"href":"https:\/\/www.mclouis.com\/italia\/wp-json\/wp\/v2\/media\/4664"}],"wp:attachment":[{"href":"https:\/\/www.mclouis.com\/italia\/wp-json\/wp\/v2\/media?parent=386"}],"wp:term":[{"taxonomy":"post_tag","embeddable":true,"href":"https:\/\/www.mclouis.com\/italia\/wp-json\/wp\/v2\/tags?post=386"}],"curies":[{"name":"wp","href":"https:\/\/api.w.org\/{rel}","templated":true}]}}