{"id":7145,"date":"2025-10-03T11:24:15","date_gmt":"2025-10-03T09:24:15","guid":{"rendered":"https:\/\/www.mclouis.com\/italia\/?p=7145"},"modified":"2025-10-03T11:28:27","modified_gmt":"2025-10-03T09:28:27","slug":"menfys-next-il-nuovo-van-mclouis-per-vivere-il-viaggio-con-stile-e-funzionalita","status":"publish","type":"post","link":"https:\/\/www.mclouis.com\/italia\/2025\/10\/03\/menfys-next-il-nuovo-van-mclouis-per-vivere-il-viaggio-con-stile-e-funzionalita\/","title":{"rendered":"Menfys Next: il nuovo van McLouis per vivere il viaggio con stile e funzionalit\u00e0"},"content":{"rendered":"<h3>La gamma van McLouis 2026 si arricchisce di novit\u00e0 che uniscono stile, comfort e valore, per un\u2019esperienza di viaggio sempre pi\u00f9 completa e personalizzabile. Accanto alla versione <strong>Menfys S-Line<\/strong>, arricchita con dotazioni di serie ancora pi\u00f9 ricche, debutta il nuovo <strong>Menfys Next<\/strong>, progettato per offrire soluzioni innovative e un design completamente rivisitato.<\/h3>\n<p>&nbsp;<\/p>\n<h2><strong>Design esterno dal carattere unico<\/strong><\/h2>\n<p>Il <strong><a href=\"https:\/\/www.mclouis.com\/italia\/gamma\/menfys\/\">Menfys Next<\/a> <\/strong>si distingue per le <strong>linee dinamiche e moderne<\/strong>, in linea con l\u2019identit\u00e0 estetica dei van McLouis. Le nuove grafiche, curate nei dettagli, rendono i profili pi\u00f9 riconoscibili e ne esaltano la personalit\u00e0 su strada.<\/p>\n<p>Disponibile su <strong>chassis Citro\u00ebn<\/strong>, la gamma Menfys Next comprende <strong>4 modelli<\/strong>, con lunghezze che vanno da <strong>5,41 m a 6,36 m<\/strong>, per rispondere alle diverse esigenze di viaggio.<\/p>\n<h2><strong>Interni contemporanei e luminosi<\/strong><\/h2>\n<p>Lo stile degli interni \u00e8 ispirato al design automotive e gioca sul contrasto tra <strong>toni chiari e antracite<\/strong>. I pensili chiari, insieme alla nuova tappezzeria e a un\u2019illuminazione studiata, creano un ambiente accogliente e funzionale, fedele all\u2019identit\u00e0 McLouis.<\/p>\n<h2><strong>Comfort e soluzioni innovative<\/strong><\/h2>\n<p>Ogni dettaglio \u00e8 stato pensato per garantire ergonomia e praticit\u00e0 a bordo. Tra le principali novit\u00e0 del Menfys Next:<\/p>\n<ul>\n<li><strong>Frigorifero a compressore da 84 l<\/strong> con apertura a 180\u00b0<\/li>\n<li><strong>Piano di lavoro continuo<\/strong> in cucina per facilitare la preparazione dei pasti<\/li>\n<li><strong>Riscaldamento Combi 4 Diesel<\/strong>, efficiente e pratico<\/li>\n<li><strong>Corridoio pi\u00f9 ampio<\/strong>, per una maggiore libert\u00e0 di movimento<\/li>\n<li><strong>Ampia capacit\u00e0 di stivaggio<\/strong> con pensili dotati di illuminazione LED touch<\/li>\n<li>Nei modelli <strong>Menfys 1 e 3 Next<\/strong>, il <strong>letto posteriore ampliato<\/strong> assicura un riposo ancora pi\u00f9 confortevole<\/li>\n<li><strong>Pareti interne della zona notte rivestite in tessuto<\/strong>, per maggiore comfort e un tocco di eleganza all\u2019ambiente.<\/li>\n<\/ul>\n<h2><strong>Una nuova esperienza di viaggio<\/strong><\/h2>\n<p>Con il <strong><a href=\"https:\/\/www.mclouis.com\/italia\/gamma\/menfys\/\">Menfys Next<\/a>,<\/strong> McLouis introduce un nuovo modo di vivere il van: pi\u00f9 moderno, pi\u00f9 funzionale e con una forte identit\u00e0 estetica. Una gamma che rappresenta la perfetta sintesi tra innovazione e stile, per trasformare ogni viaggio in un\u2019esperienza unica.<\/p>\n","protected":false},"excerpt":{"rendered":"<p>La gamma van McLouis 2026 si arricchisce di novit\u00e0 che uniscono stile, comfort e valore, per un\u2019esperienza di viaggio sempre pi\u00f9 completa e personalizzabile. Accanto alla versione Menfys S-Line, arricchita con dotazioni di serie ancora pi\u00f9 ricche, debutta il nuovo Menfys Next, progettato per offrire soluzioni innovative e un design completamente rivisitato. &nbsp; Design esterno &hellip; <a href=\"https:\/\/www.mclouis.com\/italia\/2025\/10\/03\/menfys-next-il-nuovo-van-mclouis-per-vivere-il-viaggio-con-stile-e-funzionalita\/\">Continued<\/a><\/p>\n","protected":false},"author":5,"featured_media":7150,"comment_status":"closed","ping_status":"closed","sticky":false,"template":"","format":"standard","meta":{"_acf_changed":false,"inline_featured_image":false,"footnotes":""},"tags":[],"class_list":["post-7145","post","type-post","status-publish","format-standard","has-post-thumbnail","hentry"],"acf":[],"yoast_head":"<!-- This site is optimized with the Yoast SEO plugin v27.2 - https:\/\/yoast.com\/product\/yoast-seo-wordpress\/ -->\n<title>Menfys Next: il nuovo van McLouis per vivere il viaggio con stile e funzionalit\u00e0 - McLouis ITALIA<\/title>\n<meta name=\"robots\" content=\"index, follow, max-snippet:-1, max-image-preview:large, max-video-preview:-1\" \/>\n<link rel=\"canonical\" href=\"https:\/\/www.mclouis.com\/italia\/2025\/10\/03\/menfys-next-il-nuovo-van-mclouis-per-vivere-il-viaggio-con-stile-e-funzionalita\/\" \/>\n<meta property=\"og:locale\" content=\"it_IT\" \/>\n<meta property=\"og:type\" content=\"article\" \/>\n<meta property=\"og:title\" content=\"Menfys Next: il nuovo van McLouis per vivere il viaggio con stile e funzionalit\u00e0 - McLouis ITALIA\" \/>\n<meta property=\"og:description\" content=\"La gamma van McLouis 2026 si arricchisce di novit\u00e0 che uniscono stile, comfort e valore, per un\u2019esperienza di viaggio sempre pi\u00f9 completa e personalizzabile. Accanto alla versione Menfys S-Line, arricchita con dotazioni di serie ancora pi\u00f9 ricche, debutta il nuovo Menfys Next, progettato per offrire soluzioni innovative e un design completamente rivisitato. &nbsp; Design esterno &hellip; Continued\" \/>\n<meta property=\"og:url\" content=\"https:\/\/www.mclouis.com\/italia\/2025\/10\/03\/menfys-next-il-nuovo-van-mclouis-per-vivere-il-viaggio-con-stile-e-funzionalita\/\" \/>\n<meta property=\"og:site_name\" content=\"McLouis ITALIA\" \/>\n<meta property=\"article:published_time\" content=\"2025-10-03T09:24:15+00:00\" \/>\n<meta property=\"article:modified_time\" content=\"2025-10-03T09:28:27+00:00\" \/>\n<meta property=\"og:image\" content=\"https:\/\/www.mclouis.com\/italia\/wp-content\/uploads\/sites\/2\/2025\/10\/MENFYS-3-AMB-94.jpg\" \/>\n\t<meta property=\"og:image:width\" content=\"1920\" \/>\n\t<meta property=\"og:image:height\" content=\"1280\" \/>\n\t<meta property=\"og:image:type\" content=\"image\/jpeg\" \/>\n<meta name=\"author\" content=\"mpacini\" \/>\n<meta name=\"twitter:card\" content=\"summary_large_image\" \/>\n<meta name=\"twitter:label1\" content=\"Scritto da\" \/>\n\t<meta name=\"twitter:data1\" content=\"mpacini\" \/>\n\t<meta name=\"twitter:label2\" content=\"Tempo di lettura stimato\" \/>\n\t<meta name=\"twitter:data2\" content=\"2 minuti\" \/>\n<script type=\"application\/ld+json\" class=\"yoast-schema-graph\">{\"@context\":\"https:\/\/schema.org\",\"@graph\":[{\"@type\":\"Article\",\"@id\":\"https:\/\/www.mclouis.com\/italia\/2025\/10\/03\/menfys-next-il-nuovo-van-mclouis-per-vivere-il-viaggio-con-stile-e-funzionalita\/#article\",\"isPartOf\":{\"@id\":\"https:\/\/www.mclouis.com\/italia\/2025\/10\/03\/menfys-next-il-nuovo-van-mclouis-per-vivere-il-viaggio-con-stile-e-funzionalita\/\"},\"author\":{\"name\":\"mpacini\",\"@id\":\"https:\/\/www.mclouis.com\/italia\/#\/schema\/person\/493572f118dd2aa649a77c7a109228ae\"},\"headline\":\"Menfys Next: il nuovo van McLouis per vivere il viaggio con stile e funzionalit\u00e0\",\"datePublished\":\"2025-10-03T09:24:15+00:00\",\"dateModified\":\"2025-10-03T09:28:27+00:00\",\"mainEntityOfPage\":{\"@id\":\"https:\/\/www.mclouis.com\/italia\/2025\/10\/03\/menfys-next-il-nuovo-van-mclouis-per-vivere-il-viaggio-con-stile-e-funzionalita\/\"},\"wordCount\":327,\"image\":{\"@id\":\"https:\/\/www.mclouis.com\/italia\/2025\/10\/03\/menfys-next-il-nuovo-van-mclouis-per-vivere-il-viaggio-con-stile-e-funzionalita\/#primaryimage\"},\"thumbnailUrl\":\"https:\/\/www.mclouis.com\/italia\/wp-content\/uploads\/sites\/2\/2025\/10\/MENFYS-3-AMB-94.jpg\",\"inLanguage\":\"it-IT\"},{\"@type\":\"WebPage\",\"@id\":\"https:\/\/www.mclouis.com\/italia\/2025\/10\/03\/menfys-next-il-nuovo-van-mclouis-per-vivere-il-viaggio-con-stile-e-funzionalita\/\",\"url\":\"https:\/\/www.mclouis.com\/italia\/2025\/10\/03\/menfys-next-il-nuovo-van-mclouis-per-vivere-il-viaggio-con-stile-e-funzionalita\/\",\"name\":\"Menfys Next: il nuovo van McLouis per vivere il viaggio con stile e funzionalit\u00e0 - McLouis ITALIA\",\"isPartOf\":{\"@id\":\"https:\/\/www.mclouis.com\/italia\/#website\"},\"primaryImageOfPage\":{\"@id\":\"https:\/\/www.mclouis.com\/italia\/2025\/10\/03\/menfys-next-il-nuovo-van-mclouis-per-vivere-il-viaggio-con-stile-e-funzionalita\/#primaryimage\"},\"image\":{\"@id\":\"https:\/\/www.mclouis.com\/italia\/2025\/10\/03\/menfys-next-il-nuovo-van-mclouis-per-vivere-il-viaggio-con-stile-e-funzionalita\/#primaryimage\"},\"thumbnailUrl\":\"https:\/\/www.mclouis.com\/italia\/wp-content\/uploads\/sites\/2\/2025\/10\/MENFYS-3-AMB-94.jpg\",\"datePublished\":\"2025-10-03T09:24:15+00:00\",\"dateModified\":\"2025-10-03T09:28:27+00:00\",\"author\":{\"@id\":\"https:\/\/www.mclouis.com\/italia\/#\/schema\/person\/493572f118dd2aa649a77c7a109228ae\"},\"breadcrumb\":{\"@id\":\"https:\/\/www.mclouis.com\/italia\/2025\/10\/03\/menfys-next-il-nuovo-van-mclouis-per-vivere-il-viaggio-con-stile-e-funzionalita\/#breadcrumb\"},\"inLanguage\":\"it-IT\",\"potentialAction\":[{\"@type\":\"ReadAction\",\"target\":[\"https:\/\/www.mclouis.com\/italia\/2025\/10\/03\/menfys-next-il-nuovo-van-mclouis-per-vivere-il-viaggio-con-stile-e-funzionalita\/\"]}]},{\"@type\":\"ImageObject\",\"inLanguage\":\"it-IT\",\"@id\":\"https:\/\/www.mclouis.com\/italia\/2025\/10\/03\/menfys-next-il-nuovo-van-mclouis-per-vivere-il-viaggio-con-stile-e-funzionalita\/#primaryimage\",\"url\":\"https:\/\/www.mclouis.com\/italia\/wp-content\/uploads\/sites\/2\/2025\/10\/MENFYS-3-AMB-94.jpg\",\"contentUrl\":\"https:\/\/www.mclouis.com\/italia\/wp-content\/uploads\/sites\/2\/2025\/10\/MENFYS-3-AMB-94.jpg\",\"width\":1920,\"height\":1280},{\"@type\":\"BreadcrumbList\",\"@id\":\"https:\/\/www.mclouis.com\/italia\/2025\/10\/03\/menfys-next-il-nuovo-van-mclouis-per-vivere-il-viaggio-con-stile-e-funzionalita\/#breadcrumb\",\"itemListElement\":[{\"@type\":\"ListItem\",\"position\":1,\"name\":\"Home\",\"item\":\"https:\/\/www.mclouis.com\/italia\/\"},{\"@type\":\"ListItem\",\"position\":2,\"name\":\"Menfys Next: il nuovo van McLouis per vivere il viaggio con stile e funzionalit\u00e0\"}]},{\"@type\":\"WebSite\",\"@id\":\"https:\/\/www.mclouis.com\/italia\/#website\",\"url\":\"https:\/\/www.mclouis.com\/italia\/\",\"name\":\"McLouis ITALIA\",\"description\":\"\",\"potentialAction\":[{\"@type\":\"SearchAction\",\"target\":{\"@type\":\"EntryPoint\",\"urlTemplate\":\"https:\/\/www.mclouis.com\/italia\/?s={search_term_string}\"},\"query-input\":{\"@type\":\"PropertyValueSpecification\",\"valueRequired\":true,\"valueName\":\"search_term_string\"}}],\"inLanguage\":\"it-IT\"},{\"@type\":\"Person\",\"@id\":\"https:\/\/www.mclouis.com\/italia\/#\/schema\/person\/493572f118dd2aa649a77c7a109228ae\",\"name\":\"mpacini\",\"image\":{\"@type\":\"ImageObject\",\"inLanguage\":\"it-IT\",\"@id\":\"https:\/\/secure.gravatar.com\/avatar\/15d4a78b84a118a02bcf466cbda61f26e8baf76ca0e78ba3ac1630d0cf5b9645?s=96&d=mm&r=g\",\"url\":\"https:\/\/secure.gravatar.com\/avatar\/15d4a78b84a118a02bcf466cbda61f26e8baf76ca0e78ba3ac1630d0cf5b9645?s=96&d=mm&r=g\",\"contentUrl\":\"https:\/\/secure.gravatar.com\/avatar\/15d4a78b84a118a02bcf466cbda61f26e8baf76ca0e78ba3ac1630d0cf5b9645?s=96&d=mm&r=g\",\"caption\":\"mpacini\"},\"url\":\"https:\/\/www.mclouis.com\/italia\/author\/mpacini\/\"}]}<\/script>\n<!-- \/ Yoast SEO plugin. -->","yoast_head_json":{"title":"Menfys Next: il nuovo van McLouis per vivere il viaggio con stile e funzionalit\u00e0 - McLouis ITALIA","robots":{"index":"index","follow":"follow","max-snippet":"max-snippet:-1","max-image-preview":"max-image-preview:large","max-video-preview":"max-video-preview:-1"},"canonical":"https:\/\/www.mclouis.com\/italia\/2025\/10\/03\/menfys-next-il-nuovo-van-mclouis-per-vivere-il-viaggio-con-stile-e-funzionalita\/","og_locale":"it_IT","og_type":"article","og_title":"Menfys Next: il nuovo van McLouis per vivere il viaggio con stile e funzionalit\u00e0 - McLouis ITALIA","og_description":"La gamma van McLouis 2026 si arricchisce di novit\u00e0 che uniscono stile, comfort e valore, per un\u2019esperienza di viaggio sempre pi\u00f9 completa e personalizzabile. Accanto alla versione Menfys S-Line, arricchita con dotazioni di serie ancora pi\u00f9 ricche, debutta il nuovo Menfys Next, progettato per offrire soluzioni innovative e un design completamente rivisitato. &nbsp; Design esterno &hellip; Continued","og_url":"https:\/\/www.mclouis.com\/italia\/2025\/10\/03\/menfys-next-il-nuovo-van-mclouis-per-vivere-il-viaggio-con-stile-e-funzionalita\/","og_site_name":"McLouis ITALIA","article_published_time":"2025-10-03T09:24:15+00:00","article_modified_time":"2025-10-03T09:28:27+00:00","og_image":[{"width":1920,"height":1280,"url":"https:\/\/www.mclouis.com\/italia\/wp-content\/uploads\/sites\/2\/2025\/10\/MENFYS-3-AMB-94.jpg","type":"image\/jpeg"}],"author":"mpacini","twitter_card":"summary_large_image","twitter_misc":{"Scritto da":"mpacini","Tempo di lettura stimato":"2 minuti"},"schema":{"@context":"https:\/\/schema.org","@graph":[{"@type":"Article","@id":"https:\/\/www.mclouis.com\/italia\/2025\/10\/03\/menfys-next-il-nuovo-van-mclouis-per-vivere-il-viaggio-con-stile-e-funzionalita\/#article","isPartOf":{"@id":"https:\/\/www.mclouis.com\/italia\/2025\/10\/03\/menfys-next-il-nuovo-van-mclouis-per-vivere-il-viaggio-con-stile-e-funzionalita\/"},"author":{"name":"mpacini","@id":"https:\/\/www.mclouis.com\/italia\/#\/schema\/person\/493572f118dd2aa649a77c7a109228ae"},"headline":"Menfys Next: il nuovo van McLouis per vivere il viaggio con stile e funzionalit\u00e0","datePublished":"2025-10-03T09:24:15+00:00","dateModified":"2025-10-03T09:28:27+00:00","mainEntityOfPage":{"@id":"https:\/\/www.mclouis.com\/italia\/2025\/10\/03\/menfys-next-il-nuovo-van-mclouis-per-vivere-il-viaggio-con-stile-e-funzionalita\/"},"wordCount":327,"image":{"@id":"https:\/\/www.mclouis.com\/italia\/2025\/10\/03\/menfys-next-il-nuovo-van-mclouis-per-vivere-il-viaggio-con-stile-e-funzionalita\/#primaryimage"},"thumbnailUrl":"https:\/\/www.mclouis.com\/italia\/wp-content\/uploads\/sites\/2\/2025\/10\/MENFYS-3-AMB-94.jpg","inLanguage":"it-IT"},{"@type":"WebPage","@id":"https:\/\/www.mclouis.com\/italia\/2025\/10\/03\/menfys-next-il-nuovo-van-mclouis-per-vivere-il-viaggio-con-stile-e-funzionalita\/","url":"https:\/\/www.mclouis.com\/italia\/2025\/10\/03\/menfys-next-il-nuovo-van-mclouis-per-vivere-il-viaggio-con-stile-e-funzionalita\/","name":"Menfys Next: il nuovo van McLouis per vivere il viaggio con stile e funzionalit\u00e0 - McLouis ITALIA","isPartOf":{"@id":"https:\/\/www.mclouis.com\/italia\/#website"},"primaryImageOfPage":{"@id":"https:\/\/www.mclouis.com\/italia\/2025\/10\/03\/menfys-next-il-nuovo-van-mclouis-per-vivere-il-viaggio-con-stile-e-funzionalita\/#primaryimage"},"image":{"@id":"https:\/\/www.mclouis.com\/italia\/2025\/10\/03\/menfys-next-il-nuovo-van-mclouis-per-vivere-il-viaggio-con-stile-e-funzionalita\/#primaryimage"},"thumbnailUrl":"https:\/\/www.mclouis.com\/italia\/wp-content\/uploads\/sites\/2\/2025\/10\/MENFYS-3-AMB-94.jpg","datePublished":"2025-10-03T09:24:15+00:00","dateModified":"2025-10-03T09:28:27+00:00","author":{"@id":"https:\/\/www.mclouis.com\/italia\/#\/schema\/person\/493572f118dd2aa649a77c7a109228ae"},"breadcrumb":{"@id":"https:\/\/www.mclouis.com\/italia\/2025\/10\/03\/menfys-next-il-nuovo-van-mclouis-per-vivere-il-viaggio-con-stile-e-funzionalita\/#breadcrumb"},"inLanguage":"it-IT","potentialAction":[{"@type":"ReadAction","target":["https:\/\/www.mclouis.com\/italia\/2025\/10\/03\/menfys-next-il-nuovo-van-mclouis-per-vivere-il-viaggio-con-stile-e-funzionalita\/"]}]},{"@type":"ImageObject","inLanguage":"it-IT","@id":"https:\/\/www.mclouis.com\/italia\/2025\/10\/03\/menfys-next-il-nuovo-van-mclouis-per-vivere-il-viaggio-con-stile-e-funzionalita\/#primaryimage","url":"https:\/\/www.mclouis.com\/italia\/wp-content\/uploads\/sites\/2\/2025\/10\/MENFYS-3-AMB-94.jpg","contentUrl":"https:\/\/www.mclouis.com\/italia\/wp-content\/uploads\/sites\/2\/2025\/10\/MENFYS-3-AMB-94.jpg","width":1920,"height":1280},{"@type":"BreadcrumbList","@id":"https:\/\/www.mclouis.com\/italia\/2025\/10\/03\/menfys-next-il-nuovo-van-mclouis-per-vivere-il-viaggio-con-stile-e-funzionalita\/#breadcrumb","itemListElement":[{"@type":"ListItem","position":1,"name":"Home","item":"https:\/\/www.mclouis.com\/italia\/"},{"@type":"ListItem","position":2,"name":"Menfys Next: il nuovo van McLouis per vivere il viaggio con stile e funzionalit\u00e0"}]},{"@type":"WebSite","@id":"https:\/\/www.mclouis.com\/italia\/#website","url":"https:\/\/www.mclouis.com\/italia\/","name":"McLouis ITALIA","description":"","potentialAction":[{"@type":"SearchAction","target":{"@type":"EntryPoint","urlTemplate":"https:\/\/www.mclouis.com\/italia\/?s={search_term_string}"},"query-input":{"@type":"PropertyValueSpecification","valueRequired":true,"valueName":"search_term_string"}}],"inLanguage":"it-IT"},{"@type":"Person","@id":"https:\/\/www.mclouis.com\/italia\/#\/schema\/person\/493572f118dd2aa649a77c7a109228ae","name":"mpacini","image":{"@type":"ImageObject","inLanguage":"it-IT","@id":"https:\/\/secure.gravatar.com\/avatar\/15d4a78b84a118a02bcf466cbda61f26e8baf76ca0e78ba3ac1630d0cf5b9645?s=96&d=mm&r=g","url":"https:\/\/secure.gravatar.com\/avatar\/15d4a78b84a118a02bcf466cbda61f26e8baf76ca0e78ba3ac1630d0cf5b9645?s=96&d=mm&r=g","contentUrl":"https:\/\/secure.gravatar.com\/avatar\/15d4a78b84a118a02bcf466cbda61f26e8baf76ca0e78ba3ac1630d0cf5b9645?s=96&d=mm&r=g","caption":"mpacini"},"url":"https:\/\/www.mclouis.com\/italia\/author\/mpacini\/"}]}},"_links":{"self":[{"href":"https:\/\/www.mclouis.com\/italia\/wp-json\/wp\/v2\/posts\/7145","targetHints":{"allow":["GET"]}}],"collection":[{"href":"https:\/\/www.mclouis.com\/italia\/wp-json\/wp\/v2\/posts"}],"about":[{"href":"https:\/\/www.mclouis.com\/italia\/wp-json\/wp\/v2\/types\/post"}],"author":[{"embeddable":true,"href":"https:\/\/www.mclouis.com\/italia\/wp-json\/wp\/v2\/users\/5"}],"replies":[{"embeddable":true,"href":"https:\/\/www.mclouis.com\/italia\/wp-json\/wp\/v2\/comments?post=7145"}],"version-history":[{"count":4,"href":"https:\/\/www.mclouis.com\/italia\/wp-json\/wp\/v2\/posts\/7145\/revisions"}],"predecessor-version":[{"id":7149,"href":"https:\/\/www.mclouis.com\/italia\/wp-json\/wp\/v2\/posts\/7145\/revisions\/7149"}],"wp:featuredmedia":[{"embeddable":true,"href":"https:\/\/www.mclouis.com\/italia\/wp-json\/wp\/v2\/media\/7150"}],"wp:attachment":[{"href":"https:\/\/www.mclouis.com\/italia\/wp-json\/wp\/v2\/media?parent=7145"}],"wp:term":[{"taxonomy":"post_tag","embeddable":true,"href":"https:\/\/www.mclouis.com\/italia\/wp-json\/wp\/v2\/tags?post=7145"}],"curies":[{"name":"wp","href":"https:\/\/api.w.org\/{rel}","templated":true}]}}